{"id":83212,"date":"2025-11-17T17:21:20","date_gmt":"2025-11-17T17:21:20","guid":{"rendered":"https:\/\/www.europesays.com\/se\/83212\/"},"modified":"2025-11-17T17:21:20","modified_gmt":"2025-11-17T17:21:20","slug":"har-anlander-chrippa-sa-var-rattegangens-forsta-dag","status":"publish","type":"post","link":"https:\/\/www.europesays.com\/se\/83212\/","title":{"rendered":"H\u00e4r anl\u00e4nder &#8221;Chrippa&#8221; \u2013 s\u00e5 var r\u00e4tteg\u00e5ngens f\u00f6rsta dag"},"content":{"rendered":"<p>Brottsligheten som influencern \u00e5talats f\u00f6r har, enligt \u00e5klagaren, p\u00e5g\u00e5tt sedan 2021. Misstankarna r\u00f6r bland annat grovt bokf\u00f6ringsbrott, grovt skattebrott, grov n\u00e4ringspenningtv\u00e4tt, f\u00f6rsv\u00e5rande av skattekontroll samt grovt fr\u00e4mjande av olovligt spel. Det \u00e4r f\u00f6rsta g\u00e5ngen fr\u00e4mjande av olovligt spel, i den h\u00e4r formen, pr\u00f6vas av domstol.\u2013 Den huvudtilltalade har bedrivit<\/p>\n","protected":false},"excerpt":{"rendered":"Brottsligheten som influencern \u00e5talats f\u00f6r har, enligt \u00e5klagaren, p\u00e5g\u00e5tt sedan 2021. Misstankarna r\u00f6r bland annat grovt bokf\u00f6ringsbrott, grovt&hellip;\n","protected":false},"author":2,"featured_media":82938,"comment_status":"","ping_status":"","sticky":false,"template":"","format":"standard","meta":{"footnotes":""},"categories":[12],"tags":[22,23,26,27,17,21,24,25,28,29,15,16,18,34,31,33,32,30,19,20],"class_list":{"0":"post-83212","1":"post","2":"type-post","3":"status-publish","4":"format-standard","5":"has-post-thumbnail","7":"category-sverige","8":"tag-breaking-news","9":"tag-breakingnews","10":"tag-featured-news","11":"tag-featurednews","12":"tag-headlines","13":"tag-huvudnyheter","14":"tag-latest-news","15":"tag-latestnews","16":"tag-main-news","17":"tag-mainnews","18":"tag-news","19":"tag-nyheter","20":"tag-rubriker","21":"tag-se","22":"tag-svenska","23":"tag-sverige","24":"tag-sweden","25":"tag-swedish","26":"tag-top-stories","27":"tag-topstories"},"share_on_mastodon":{"url":"https:\/\/pubeurope.com\/@se\/115566194588506852","error":""},"_links":{"self":[{"href":"https:\/\/www.europesays.com\/se\/wp-json\/wp\/v2\/posts\/83212","targetHints":{"allow":["GET"]}}],"collection":[{"href":"https:\/\/www.europesays.com\/se\/wp-json\/wp\/v2\/posts"}],"about":[{"href":"https:\/\/www.europesays.com\/se\/wp-json\/wp\/v2\/types\/post"}],"author":[{"embeddable":true,"href":"https:\/\/www.europesays.com\/se\/wp-json\/wp\/v2\/users\/2"}],"replies":[{"embeddable":true,"href":"https:\/\/www.europesays.com\/se\/wp-json\/wp\/v2\/comments?post=83212"}],"version-history":[{"count":0,"href":"https:\/\/www.europesays.com\/se\/wp-json\/wp\/v2\/posts\/83212\/revisions"}],"wp:featuredmedia":[{"embeddable":true,"href":"https:\/\/www.europesays.com\/se\/wp-json\/wp\/v2\/media\/82938"}],"wp:attachment":[{"href":"https:\/\/www.europesays.com\/se\/wp-json\/wp\/v2\/media?parent=83212"}],"wp:term":[{"taxonomy":"category","embeddable":true,"href":"https:\/\/www.europesays.com\/se\/wp-json\/wp\/v2\/categories?post=83212"},{"taxonomy":"post_tag","embeddable":true,"href":"https:\/\/www.europesays.com\/se\/wp-json\/wp\/v2\/tags?post=83212"}],"curies":[{"name":"wp","href":"https:\/\/api.w.org\/{rel}","templated":true}]}}