{"id":83213,"date":"2025-11-17T17:22:24","date_gmt":"2025-11-17T17:22:24","guid":{"rendered":"https:\/\/www.europesays.com\/se\/83213\/"},"modified":"2025-11-17T17:22:24","modified_gmt":"2025-11-17T17:22:24","slug":"tom-cruise-vann-en-oscar-inatt-las-hans-emotionella-tacktal","status":"publish","type":"post","link":"https:\/\/www.europesays.com\/se\/83213\/","title":{"rendered":"Tom Cruise vann en Oscar inatt! L\u00e4s hans emotionella tacktal"},"content":{"rendered":"<p>Sk\u00e5despelaren <strong>Tom Cruise<\/strong>, aktiv p\u00e5 bioduken sedan 1980, har \u00e4ntligen en Oscarsstatyett. Under natten bel\u00f6nades han med ett Lifetime Achievement Award vid en gala i Los Angeles.<\/p>\n<p>Cruise har varit nominerad tre g\u00e5nger som sk\u00e5despelare \u2013 f\u00f6r filmerna \u201dF\u00f6dd den fj\u00e4rde juli\u201d, \u201dJerry Maguire\u201d och \u201dMagnolia\u201d \u2013 samtliga fr\u00e5n 1990-talet. Han var ocks\u00e5 nominerad som producent n\u00e4r \u201dTop Gun: Maverick\u201d hade chans p\u00e5 B\u00e4sta film.<\/p>\n<p>Regiss\u00f6ren <strong>Alejandro G. I\u00f1\u00e1rritu<\/strong> delade ut priset till Cruise. De tv\u00e5 har nyligen <a href=\"https:\/\/www.moviezine.se\/nyheter\/tom-cruise-kommer-overraska-varlden-i-vild-komedi\" rel=\"nofollow noopener\" target=\"_blank\">spelat in en \u201dvild komedi\u201d<\/a> som sl\u00e4pps n\u00e4sta h\u00f6st. Det f\u00f6ljdes av ett emotionellt tacktal d\u00e4r Cruise lovar att forts\u00e4tta st\u00f6tta biografen och filmkonsten:<\/p>\n<p>\u2013 Film tar mig v\u00e4rlden runt. Det hj\u00e4lper mig f\u00f6rst\u00e5 och uppskatta v\u00e5ra olikheter. Det visar mig ocks\u00e5 v\u00e5r m\u00e4nsklighet och hur lika vi \u00e4r i m\u00e5nga avseenden.<\/p>\n<p>\u2013 Oavsett var vi kommer ifr\u00e5n s\u00e5 kan vi i biom\u00f6rkret skratta tillsammans, k\u00e4nna tillsammans och hoppas, och det \u00e4r kraften i denna konstform. D\u00e4rf\u00f6r \u00e4r den viktig f\u00f6r mig. Att g\u00f6ra film \u00e4r inte vad jag g\u00f6r, det \u00e4r vem jag \u00e4r, sade Cruise.<\/p>\n<p>\u201dHar \u00e4lskat film s\u00e5 l\u00e4nge jag kan minnas\u201d<\/p>\n<p>Tom Cruise fortsatte med att ber\u00e4tta hur han som barn f\u00f6rf\u00f6rdes av biomagin f\u00f6r f\u00f6rsta g\u00e5ngen.<\/p>\n<p>\u2013 Jag var bara ett litet barn i en m\u00f6rk biosalong, och jag minns att en ljusstr\u00e5le sk\u00f6t tv\u00e4rs \u00f6ver rummet, och jag minns att jag tittade upp och det verkade som om den exploderade p\u00e5 sk\u00e4rmen. Pl\u00f6tsligt var v\u00e4rlden s\u00e5 mycket st\u00f6rre \u00e4n den jag k\u00e4nde till. <\/p>\n<p><strong>ERBJUDANDE: <a href=\"https:\/\/adtr.co\/tdsvxq\" target=\"_blank\" rel=\"noreferrer noopener nofollow\">Prova BookBeat i vinter! Lyssna gratis i 60 dagar med koden ADT60D<\/a><\/strong><\/p>\n<p>\u2013 Hela kulturer, liv och landskap vecklade ut sig framf\u00f6r mig, och det v\u00e4ckte n\u00e5got. Det v\u00e4ckte en hunger efter \u00e4ventyr, en hunger efter kunskap, en hunger efter att f\u00f6rst\u00e5 m\u00e4nskligheten, att skapa karakt\u00e4rer, att ber\u00e4tta en historia, att se v\u00e4rlden. Det \u00f6ppnade mina \u00f6gon och min fantasi. Och den str\u00e5len av ljus v\u00e4ckte en l\u00e4ngtan efter att \u00f6ppna upp v\u00e4rlden, och jag har f\u00f6ljt den sedan dess.<\/p>\n<p>Se ett klipp nedan.<\/p>\n<blockquote class=\"twitter-tweet\" data-width=\"500\" data-dnt=\"true\">\n<p lang=\"en\" dir=\"ltr\">Tom Cruise makes a speech as he accepts his first-ever Oscar.<\/p>\n<p>\u201cMaking films is not what I do, it\u2019s who I am\u2026 no matter where you\u2019re from, in a theater we laugh, we feel, we hope together, and that\u2019s the power of this art form\u201d <a href=\"https:\/\/t.co\/CTu65nR2hJ\" rel=\"nofollow\">pic.twitter.com\/CTu65nR2hJ<\/a><\/p>\n<p>\u2014 DiscussingFilm (@DiscussingFilm) <a href=\"https:\/\/twitter.com\/DiscussingFilm\/status\/1990288530090914273?ref_src=twsrc%5Etfw\" rel=\"nofollow noopener\" target=\"_blank\">November 17, 2025<\/a><\/p><\/blockquote>\n<p>L\u00e4s ocks\u00e5: <a href=\"https:\/\/www.moviezine.se\/nyheter\/tom-cruise-var-inte-glad-bakfull-colin-farrell-behovde-46-tagningar-for-en-scen\" title=\"\u201cTom Cruise var inte glad\u201d \u2013 Bakfull Colin Farrell beh\u00f6vde 46 tagningar f\u00f6r en scen\" class=\"underline-custom !font-montserrat !font-bold !underline-offset-4 !decoration-4 !decoration-moviezine-green !text-md\" rel=\"nofollow noopener\" target=\"_blank\">\u201cTom Cruise var inte glad\u201d \u2013 Bakfull Colin Farrell beh\u00f6vde 46 tagningar f\u00f6r en scen<\/a><\/p>\n<p>L\u00e4s ocks\u00e5: <a href=\"https:\/\/www.moviezine.se\/nyheter\/tom-cruise-kommer-overraska-varlden-i-vild-komedi\" title=\"Tom Cruise kommer \u201d\u00f6verraska v\u00e4rlden\u201d i vild komedi\" class=\"underline-custom !font-montserrat !font-bold !underline-offset-4 !decoration-4 !decoration-moviezine-green !text-md\" rel=\"nofollow noopener\" target=\"_blank\">Tom Cruise kommer \u201d\u00f6verraska v\u00e4rlden\u201d i vild komedi<\/a><\/p>\n<p>\t\t\t\t<script async src=\"https:\/\/platform.twitter.com\/widgets.js\" charset=\"utf-8\"><\/script><\/p>\n","protected":false},"excerpt":{"rendered":"Sk\u00e5despelaren Tom Cruise, aktiv p\u00e5 bioduken sedan 1980, har \u00e4ntligen en Oscarsstatyett. Under natten bel\u00f6nades han med ett&hellip;\n","protected":false},"author":2,"featured_media":83214,"comment_status":"","ping_status":"","sticky":false,"template":"","format":"standard","meta":{"footnotes":""},"categories":[5],"tags":[22,23,26,27,17,21,24,25,28,29,15,16,2395,18,34,31,33,32,30,8238,19,20],"class_list":{"0":"post-83213","1":"post","2":"type-post","3":"status-publish","4":"format-standard","5":"has-post-thumbnail","7":"category-rubriker","8":"tag-breaking-news","9":"tag-breakingnews","10":"tag-featured-news","11":"tag-featurednews","12":"tag-headlines","13":"tag-huvudnyheter","14":"tag-latest-news","15":"tag-latestnews","16":"tag-main-news","17":"tag-mainnews","18":"tag-news","19":"tag-nyheter","20":"tag-oscars","21":"tag-rubriker","22":"tag-se","23":"tag-svenska","24":"tag-sverige","25":"tag-sweden","26":"tag-swedish","27":"tag-tom-cruise","28":"tag-top-stories","29":"tag-topstories"},"share_on_mastodon":{"url":"https:\/\/pubeurope.com\/@se\/115566198344090187","error":""},"_links":{"self":[{"href":"https:\/\/www.europesays.com\/se\/wp-json\/wp\/v2\/posts\/83213","targetHints":{"allow":["GET"]}}],"collection":[{"href":"https:\/\/www.europesays.com\/se\/wp-json\/wp\/v2\/posts"}],"about":[{"href":"https:\/\/www.europesays.com\/se\/wp-json\/wp\/v2\/types\/post"}],"author":[{"embeddable":true,"href":"https:\/\/www.europesays.com\/se\/wp-json\/wp\/v2\/users\/2"}],"replies":[{"embeddable":true,"href":"https:\/\/www.europesays.com\/se\/wp-json\/wp\/v2\/comments?post=83213"}],"version-history":[{"count":0,"href":"https:\/\/www.europesays.com\/se\/wp-json\/wp\/v2\/posts\/83213\/revisions"}],"wp:featuredmedia":[{"embeddable":true,"href":"https:\/\/www.europesays.com\/se\/wp-json\/wp\/v2\/media\/83214"}],"wp:attachment":[{"href":"https:\/\/www.europesays.com\/se\/wp-json\/wp\/v2\/media?parent=83213"}],"wp:term":[{"taxonomy":"category","embeddable":true,"href":"https:\/\/www.europesays.com\/se\/wp-json\/wp\/v2\/categories?post=83213"},{"taxonomy":"post_tag","embeddable":true,"href":"https:\/\/www.europesays.com\/se\/wp-json\/wp\/v2\/tags?post=83213"}],"curies":[{"name":"wp","href":"https:\/\/api.w.org\/{rel}","templated":true}]}}