{"id":83275,"date":"2025-11-17T19:12:24","date_gmt":"2025-11-17T19:12:24","guid":{"rendered":"https:\/\/www.europesays.com\/se\/83275\/"},"modified":"2025-11-17T19:12:24","modified_gmt":"2025-11-17T19:12:24","slug":"roberta-alenius-om-kampen-med-dotterns-okanda-atstorning","status":"publish","type":"post","link":"https:\/\/www.europesays.com\/se\/83275\/","title":{"rendered":"Roberta Alenius om kampen med dotterns ok\u00e4nda \u00e4tst\u00f6rning"},"content":{"rendered":"<p>N\u00e4r Roberta Alenius f\u00f6r \u00e5tta \u00e5r sedan blev mamma till Alessia m\u00e4rkte hon redan vid hemkomsten fr\u00e5n BB att n\u00e5got var annorlunda. Hon f\u00f6rs\u00f6kte amma, testade nappflaska, att mata med sked, nya m\u00e4rken p\u00e5 ers\u00e4ttningsprodukter.<\/p>\n<p>\u2013 Alessia ville inte ha n\u00e5gonting, inte ens br\u00f6stmj\u00f6lk. Hon har aldrig \u00e4tit med lust eller hunger, allt det som alla andra barn eller m\u00e4nniskor g\u00f6r p\u00e5 rutin. <\/p>\n","protected":false},"excerpt":{"rendered":"N\u00e4r Roberta Alenius f\u00f6r \u00e5tta \u00e5r sedan blev mamma till Alessia m\u00e4rkte hon redan vid hemkomsten fr\u00e5n BB&hellip;\n","protected":false},"author":2,"featured_media":83276,"comment_status":"","ping_status":"","sticky":false,"template":"","format":"standard","meta":{"footnotes":""},"categories":[12],"tags":[22,23,26,27,17,21,24,25,28,29,15,16,18,34,31,33,32,30,19,20],"class_list":{"0":"post-83275","1":"post","2":"type-post","3":"status-publish","4":"format-standard","5":"has-post-thumbnail","7":"category-sverige","8":"tag-breaking-news","9":"tag-breakingnews","10":"tag-featured-news","11":"tag-featurednews","12":"tag-headlines","13":"tag-huvudnyheter","14":"tag-latest-news","15":"tag-latestnews","16":"tag-main-news","17":"tag-mainnews","18":"tag-news","19":"tag-nyheter","20":"tag-rubriker","21":"tag-se","22":"tag-svenska","23":"tag-sverige","24":"tag-sweden","25":"tag-swedish","26":"tag-top-stories","27":"tag-topstories"},"share_on_mastodon":{"url":"https:\/\/pubeurope.com\/@se\/115566630983437005","error":""},"_links":{"self":[{"href":"https:\/\/www.europesays.com\/se\/wp-json\/wp\/v2\/posts\/83275","targetHints":{"allow":["GET"]}}],"collection":[{"href":"https:\/\/www.europesays.com\/se\/wp-json\/wp\/v2\/posts"}],"about":[{"href":"https:\/\/www.europesays.com\/se\/wp-json\/wp\/v2\/types\/post"}],"author":[{"embeddable":true,"href":"https:\/\/www.europesays.com\/se\/wp-json\/wp\/v2\/users\/2"}],"replies":[{"embeddable":true,"href":"https:\/\/www.europesays.com\/se\/wp-json\/wp\/v2\/comments?post=83275"}],"version-history":[{"count":0,"href":"https:\/\/www.europesays.com\/se\/wp-json\/wp\/v2\/posts\/83275\/revisions"}],"wp:featuredmedia":[{"embeddable":true,"href":"https:\/\/www.europesays.com\/se\/wp-json\/wp\/v2\/media\/83276"}],"wp:attachment":[{"href":"https:\/\/www.europesays.com\/se\/wp-json\/wp\/v2\/media?parent=83275"}],"wp:term":[{"taxonomy":"category","embeddable":true,"href":"https:\/\/www.europesays.com\/se\/wp-json\/wp\/v2\/categories?post=83275"},{"taxonomy":"post_tag","embeddable":true,"href":"https:\/\/www.europesays.com\/se\/wp-json\/wp\/v2\/tags?post=83275"}],"curies":[{"name":"wp","href":"https:\/\/api.w.org\/{rel}","templated":true}]}}