{"id":83349,"date":"2025-11-17T21:26:08","date_gmt":"2025-11-17T21:26:08","guid":{"rendered":"https:\/\/www.europesays.com\/se\/83349\/"},"modified":"2025-11-17T21:26:08","modified_gmt":"2025-11-17T21:26:08","slug":"firandet-ar-snudd-pa-patetiskt-norge","status":"publish","type":"post","link":"https:\/\/www.europesays.com\/se\/83349\/","title":{"rendered":"Firandet \u00e4r snudd p\u00e5 patetiskt, Norge"},"content":{"rendered":"<p>Det \u00e4r imponerande att Norge vann alla matcher i VM-kvalet och kvalificerade sig till sitt f\u00f6rsta fotbolls-VM sedan 1998. Men att fira den bedriften inf\u00f6r 50\u202f000 norrm\u00e4n i Oslo \u00e4r \u201dsnudd p\u00e5 patetiskt\u201d, skriver Fotbollskanalens Olof Lundh i en kr\u00f6nika. <\/p>\n<p>Han menar att Norges brist p\u00e5 m\u00e4sterskapserfarenhet f\u00f6rklarar det vilda firandet, men att jublet borde ha sparats till efter ett faktiskt lyckat slutspel.<\/p>\n<p>\u201dGivetvis fattar jag att det \u00e4r l\u00e4tt att tro att ovan \u00e4r skrivet av en avundsjuk svensk, men det \u00e4r l\u00e5ngt ifr\u00e5n sant\u201d, skriver Lundh. <\/p>\n<p>I norska Aftenposten sl\u00e5r Daniel R\u00f8ed-Johansen tillbaka mot Lundh. Han skriver att de barn som deltagit i firandet p\u00e5 R\u00e5dhusplassen i Oslo i\u202fkv\u00e4ll kanske har skapat sina barndomars starkaste minnen.<\/p>\n<p>Han tycker ocks\u00e5 att Lundhs kommentar om att Norge borde v\u00e4nta med att fira vittnar om en \u201dganska trist syn p\u00e5 idrott\u201d. <\/p>\n<p>\u201dNorge har gjort ett fantastiskt landslags\u00e5r och f\u00f6rnedrade Italien p\u00e5 bortaplan. Det h\u00e4r \u00f6gonblicket \u00e4r v\u00e4rdefullt i sig sj\u00e4lvt. Barnen p\u00e5 R\u00e5dhusplassen f\u00f6rtj\u00e4nar att njuta av det och inte bara jaga vidare mot n\u00e4sta m\u00e5l\u201d, skriver R\u00f8ed-Johansen.<\/p>\n<p>Omni \u00e4r politiskt obundna och oberoende. Vi str\u00e4var efter att ge fler perspektiv p\u00e5 nyheterna. Har du fr\u00e5gor eller synpunkter kring v\u00e5r rapportering? <a href=\"https:\/\/omni.se\/olof-lundh-firandet-ar-snudd-pa-patetiskt-norge\/a\/mailto:redaktion@omni.se\" class=\"ArticleActions_contactLink__W2F1M\" rel=\"nofollow noopener\" target=\"_blank\">Kontakta redaktionen<\/a><\/p>\n","protected":false},"excerpt":{"rendered":"Det \u00e4r imponerande att Norge vann alla matcher i VM-kvalet och kvalificerade sig till sitt f\u00f6rsta fotbolls-VM sedan&hellip;\n","protected":false},"author":2,"featured_media":83350,"comment_status":"","ping_status":"","sticky":false,"template":"","format":"standard","meta":{"footnotes":""},"categories":[68],"tags":[138,4525,5121,34,111,110,31,33,32,30],"class_list":{"0":"post-83349","1":"post","2":"type-post","3":"status-publish","4":"format-standard","5":"has-post-thumbnail","7":"category-sport","8":"tag-fotboll","9":"tag-mikael-lustig","10":"tag-olof-lundh","11":"tag-se","12":"tag-sport","13":"tag-sports","14":"tag-svenska","15":"tag-sverige","16":"tag-sweden","17":"tag-swedish"},"share_on_mastodon":{"url":"https:\/\/pubeurope.com\/@se\/115567157876390091","error":""},"_links":{"self":[{"href":"https:\/\/www.europesays.com\/se\/wp-json\/wp\/v2\/posts\/83349","targetHints":{"allow":["GET"]}}],"collection":[{"href":"https:\/\/www.europesays.com\/se\/wp-json\/wp\/v2\/posts"}],"about":[{"href":"https:\/\/www.europesays.com\/se\/wp-json\/wp\/v2\/types\/post"}],"author":[{"embeddable":true,"href":"https:\/\/www.europesays.com\/se\/wp-json\/wp\/v2\/users\/2"}],"replies":[{"embeddable":true,"href":"https:\/\/www.europesays.com\/se\/wp-json\/wp\/v2\/comments?post=83349"}],"version-history":[{"count":0,"href":"https:\/\/www.europesays.com\/se\/wp-json\/wp\/v2\/posts\/83349\/revisions"}],"wp:featuredmedia":[{"embeddable":true,"href":"https:\/\/www.europesays.com\/se\/wp-json\/wp\/v2\/media\/83350"}],"wp:attachment":[{"href":"https:\/\/www.europesays.com\/se\/wp-json\/wp\/v2\/media?parent=83349"}],"wp:term":[{"taxonomy":"category","embeddable":true,"href":"https:\/\/www.europesays.com\/se\/wp-json\/wp\/v2\/categories?post=83349"},{"taxonomy":"post_tag","embeddable":true,"href":"https:\/\/www.europesays.com\/se\/wp-json\/wp\/v2\/tags?post=83349"}],"curies":[{"name":"wp","href":"https:\/\/api.w.org\/{rel}","templated":true}]}}