{"id":83355,"date":"2025-11-17T21:36:16","date_gmt":"2025-11-17T21:36:16","guid":{"rendered":"https:\/\/www.europesays.com\/se\/83355\/"},"modified":"2025-11-17T21:36:16","modified_gmt":"2025-11-17T21:36:16","slug":"backstjarnan-lamnar-malmo-klar-for-shl-konkurrent","status":"publish","type":"post","link":"https:\/\/www.europesays.com\/se\/83355\/","title":{"rendered":"Backstj\u00e4rnan l\u00e4mnar Malm\u00f6 &#8211; klar f\u00f6r SHL-konkurrent"},"content":{"rendered":"<p>Malm\u00f6 Redhawks finl\u00e4ndska backstj\u00e4rna Robin Salo \u00e4r f\u00f6rlorad f\u00f6r klubben. Enligt uppgifter \u00e4r han klar f\u00f6r en \u00e5terkomst till en SHL-konkurrent. <\/p>\n<p>Malm\u00f6s backstj\u00e4rna Robin Salo har ett utg\u00e5ende kontrakt. Enligt uppgifter till <a target=\"_blank\" href=\"https:\/\/www.na.se\/2025-11-17\/bomben-backstjarnan-nara-orebro-hockey\/\" rel=\"nofollow noopener\">NA <\/a>l\u00e4mnar han Malm\u00f6 Redhawks och uppges vara klar f\u00f6r en \u00e5terkomst till \u00d6rebro Hockey n\u00e4sta s\u00e4song. En klubb han f\u00f6r\u00f6vrigt gjorde tv\u00e5 m\u00e5l mot i l\u00f6rdags. <\/p>\n<p>Enligt uppgifter till <a target=\"_blank\" href=\"https:\/\/www.expressen.se\/sport\/hockey\/shl\/orebro-nara-att-sno-stjarnbacken-fran-shl-konkurrenten\/\" rel=\"nofollow noopener\">Expressen <\/a>har Malm\u00f6 erbjudit Salo en kontraktsf\u00f6rl\u00e4ngning, med ett bud p\u00e5 runt 240 000 euro netto per s\u00e4song, men \u00d6rebro har lagt fram ett h\u00f6gre bud v\u00e4rt runt 280 000 euro netto per s\u00e4song. <\/p>\n<p>27-\u00e5ringen stod f\u00f6r 26 po\u00e4ng (5+21) p\u00e5 52 matcher f\u00f6reg\u00e5ende s\u00e4song och har den h\u00e4r s\u00e4songen gjort 10 po\u00e4ng (3+7) p\u00e5 19 matcher. Han har genomg\u00e5ende under sin tid i Malm\u00f6 varit lagets b\u00e4sta back. <\/p>\n<p>Nu v\u00e4ntar en \u00e5terkomst till \u00d6rebro, som han tidigare representerat under tv\u00e5 s\u00e4songer f\u00f6r fem \u00e5r sedan. <\/p>\n","protected":false},"excerpt":{"rendered":"Malm\u00f6 Redhawks finl\u00e4ndska backstj\u00e4rna Robin Salo \u00e4r f\u00f6rlorad f\u00f6r klubben. Enligt uppgifter \u00e4r han klar f\u00f6r en \u00e5terkomst&hellip;\n","protected":false},"author":2,"featured_media":83356,"comment_status":"","ping_status":"","sticky":false,"template":"","format":"standard","meta":{"footnotes":""},"categories":[68],"tags":[159,158,157,138,156,165,164,140,34,160,162,111,110,31,161,33,32,30,163],"class_list":{"0":"post-83355","1":"post","2":"type-post","3":"status-publish","4":"format-standard","5":"has-post-thumbnail","7":"category-sport","8":"tag-allsvenskan","9":"tag-fans","10":"tag-fantv","11":"tag-fotboll","12":"tag-hockey","13":"tag-matcher","14":"tag-matchprogram","15":"tag-premier-league","16":"tag-se","17":"tag-serie-a","18":"tag-spelschema","19":"tag-sport","20":"tag-sports","21":"tag-svenska","22":"tag-svenskafans","23":"tag-sverige","24":"tag-sweden","25":"tag-swedish","26":"tag-tabeller"},"share_on_mastodon":{"url":"https:\/\/pubeurope.com\/@se\/115567197275173176","error":""},"_links":{"self":[{"href":"https:\/\/www.europesays.com\/se\/wp-json\/wp\/v2\/posts\/83355","targetHints":{"allow":["GET"]}}],"collection":[{"href":"https:\/\/www.europesays.com\/se\/wp-json\/wp\/v2\/posts"}],"about":[{"href":"https:\/\/www.europesays.com\/se\/wp-json\/wp\/v2\/types\/post"}],"author":[{"embeddable":true,"href":"https:\/\/www.europesays.com\/se\/wp-json\/wp\/v2\/users\/2"}],"replies":[{"embeddable":true,"href":"https:\/\/www.europesays.com\/se\/wp-json\/wp\/v2\/comments?post=83355"}],"version-history":[{"count":0,"href":"https:\/\/www.europesays.com\/se\/wp-json\/wp\/v2\/posts\/83355\/revisions"}],"wp:featuredmedia":[{"embeddable":true,"href":"https:\/\/www.europesays.com\/se\/wp-json\/wp\/v2\/media\/83356"}],"wp:attachment":[{"href":"https:\/\/www.europesays.com\/se\/wp-json\/wp\/v2\/media?parent=83355"}],"wp:term":[{"taxonomy":"category","embeddable":true,"href":"https:\/\/www.europesays.com\/se\/wp-json\/wp\/v2\/categories?post=83355"},{"taxonomy":"post_tag","embeddable":true,"href":"https:\/\/www.europesays.com\/se\/wp-json\/wp\/v2\/tags?post=83355"}],"curies":[{"name":"wp","href":"https:\/\/api.w.org\/{rel}","templated":true}]}}