{"id":83361,"date":"2025-11-17T21:42:16","date_gmt":"2025-11-17T21:42:16","guid":{"rendered":"https:\/\/www.europesays.com\/se\/83361\/"},"modified":"2025-11-17T21:42:16","modified_gmt":"2025-11-17T21:42:16","slug":"krismote-i-polen-utlandsk-sakerhetstjanst-expressen","status":"publish","type":"post","link":"https:\/\/www.europesays.com\/se\/83361\/","title":{"rendered":"Krism\u00f6te i Polen: &quot;Utl\u00e4ndsk s\u00e4kerhetstj\u00e4nst&quot; &#8211; Expressen"},"content":{"rendered":"<ol>\n<li><a href=\"https:\/\/news.google.com\/rss\/articles\/CBMilwFBVV95cUxQUlFpdFFpS3duampMZko1aVd2ZlY5N01kVi03TzBXcXYtc0ZoWjBjcVhPZEFkbm1sY1VDVmVCeXdUcjRvTkhqT2NVWFlQU2NFT3hNTF9xVWViU3ZkcVpUNU8tTjJ2RGJYRXpzQ2taNGN5SWhDdGJ6ZnBfakxmcnhvUk4zZ09zLXhpSFFGdGJmMDg2LW9mLVZ3?oc=5\" target=\"_blank\" rel=\"nofollow noopener\">Krism\u00f6te i Polen: &#8221;Utl\u00e4ndsk s\u00e4kerhetstj\u00e4nst&#8221;<\/a>&nbsp;&nbsp;Expressen<\/li>\n<li><a href=\"https:\/\/news.google.com\/rss\/articles\/CBMikgFBVV95cUxOUm8xQjhqX2VyZUJ4RmdWVVZ2STFQNEpLRGNNU3FGVDRNQ1QyMWM3RXdwVjNNTmhvSzNKLTU3S3diYVoyVkt1TzBrbG5YOVNET0JITzVRVTdiVmRkNDNTU29SWlpSYVpsV1I1OVNIYTNNOHRBTzBOYTU4WmJYSXAyQnUzRFFjdDJHMkRTMm1mR0hOZw?oc=5\" target=\"_blank\" rel=\"nofollow noopener\">Donald Tusk: Explosion p\u00e5 t\u00e5gr\u00e4ls i Polen var sabotage<\/a>&nbsp;&nbsp;SVT Nyheter<\/li>\n<li><a href=\"https:\/\/news.google.com\/rss\/articles\/CBMinAFBVV95cUxPSklSalh4OEE1N2JPZWJYUGVqMFhIMkJRYTlnbE5KS0tmZHlDOVJBVDY1UHFNcXNQWWloTHpuaWxDLV9YYnZwN0hnS1hJa2ZISThDLVZMYzhlQ3BrY0hCaVFBNmFtUUlEV2RDTE8tWjQwY2hjaHBUQXZQbU9HV3NkLXd6T2NUSGdEdzZTQzAzZlpuYTEwaUw3Z0Jzdjc?oc=5\" target=\"_blank\" rel=\"nofollow noopener\">Polens general: Sabotaget kan vara en krigsf\u00f6rberedelse<\/a>&nbsp;&nbsp;Expressen<\/li>\n<li><a href=\"https:\/\/news.google.com\/rss\/articles\/CBMiQEFVX3lxTFB1SDJZcXl1bWItdkFid01DVDZVSnVjZnpKaHlLNjF6d0kwUnhKeFdfUlJRVlNPd3hTLXZLOXBsV1M?oc=5\" target=\"_blank\" rel=\"nofollow noopener\">Polska premi\u00e4rministern: Sabotage p\u00e5 j\u00e4rnv\u00e4gssp\u00e5r<\/a>&nbsp;&nbsp;Yle<\/li>\n<li><a href=\"https:\/\/news.google.com\/rss\/articles\/CBMidEFVX3lxTE5kUFhtc0VsRDNWaGhiT096cGZSY2VZOFhPLVJZMVh0U2ktSERLT0x4cVZMSGwtQzFNQjlwRXhIajdiQmF3ZVB1Q1dFS3ZIR2tWanU4TG1JRGVvTnEzMlhpS0RpdnZqVUNiUDdVdGIzZ2xOYU1Y?oc=5\" target=\"_blank\" rel=\"nofollow noopener\">Polen: Explosion p\u00e5 t\u00e5gr\u00e4ls var sabotage<\/a>&nbsp;&nbsp;HD \u2013 Nyheter Dygnet Runt<\/li>\n<\/ol>\n","protected":false},"excerpt":{"rendered":"Krism\u00f6te i Polen: &#8221;Utl\u00e4ndsk s\u00e4kerhetstj\u00e4nst&#8221;&nbsp;&nbsp;Expressen Donald Tusk: Explosion p\u00e5 t\u00e5gr\u00e4ls i Polen var sabotage&nbsp;&nbsp;SVT Nyheter Polens general: Sabotaget&hellip;\n","protected":false},"author":2,"featured_media":62410,"comment_status":"","ping_status":"","sticky":false,"template":"","format":"standard","meta":{"footnotes":""},"categories":[5],"tags":[22,23,26,27,35,17,21,24,25,28,29,15,16,18,34,31,33,32,30,19,20],"class_list":{"0":"post-83361","1":"post","2":"type-post","3":"status-publish","4":"format-standard","5":"has-post-thumbnail","7":"category-rubriker","8":"tag-breaking-news","9":"tag-breakingnews","10":"tag-featured-news","11":"tag-featurednews","12":"tag-function-ta-bort-ai-rost","13":"tag-headlines","14":"tag-huvudnyheter","15":"tag-latest-news","16":"tag-latestnews","17":"tag-main-news","18":"tag-mainnews","19":"tag-news","20":"tag-nyheter","21":"tag-rubriker","22":"tag-se","23":"tag-svenska","24":"tag-sverige","25":"tag-sweden","26":"tag-swedish","27":"tag-top-stories","28":"tag-topstories"},"share_on_mastodon":{"url":"https:\/\/pubeurope.com\/@se\/115567220689259245","error":""},"_links":{"self":[{"href":"https:\/\/www.europesays.com\/se\/wp-json\/wp\/v2\/posts\/83361","targetHints":{"allow":["GET"]}}],"collection":[{"href":"https:\/\/www.europesays.com\/se\/wp-json\/wp\/v2\/posts"}],"about":[{"href":"https:\/\/www.europesays.com\/se\/wp-json\/wp\/v2\/types\/post"}],"author":[{"embeddable":true,"href":"https:\/\/www.europesays.com\/se\/wp-json\/wp\/v2\/users\/2"}],"replies":[{"embeddable":true,"href":"https:\/\/www.europesays.com\/se\/wp-json\/wp\/v2\/comments?post=83361"}],"version-history":[{"count":0,"href":"https:\/\/www.europesays.com\/se\/wp-json\/wp\/v2\/posts\/83361\/revisions"}],"wp:featuredmedia":[{"embeddable":true,"href":"https:\/\/www.europesays.com\/se\/wp-json\/wp\/v2\/media\/62410"}],"wp:attachment":[{"href":"https:\/\/www.europesays.com\/se\/wp-json\/wp\/v2\/media?parent=83361"}],"wp:term":[{"taxonomy":"category","embeddable":true,"href":"https:\/\/www.europesays.com\/se\/wp-json\/wp\/v2\/categories?post=83361"},{"taxonomy":"post_tag","embeddable":true,"href":"https:\/\/www.europesays.com\/se\/wp-json\/wp\/v2\/tags?post=83361"}],"curies":[{"name":"wp","href":"https:\/\/api.w.org\/{rel}","templated":true}]}}