{"id":83393,"date":"2025-11-17T22:34:09","date_gmt":"2025-11-17T22:34:09","guid":{"rendered":"https:\/\/www.europesays.com\/se\/83393\/"},"modified":"2025-11-17T22:34:09","modified_gmt":"2025-11-17T22:34:09","slug":"80-talsikonen-gary-numan-brot-ihop-pa-scen-varsta-beskedet","status":"publish","type":"post","link":"https:\/\/www.europesays.com\/se\/83393\/","title":{"rendered":"80-talsikonen Gary Numan br\u00f6t ihop p\u00e5 scen: V\u00e4rsta beskedet"},"content":{"rendered":"<p>Publicerad 17 nov 2025 kl 23.13<\/p>\n<p>Gary Numan br\u00f6t ihop under konserten efter att ha f\u00e5tt \u201ddet v\u00e4rsta beskedet n\u00e5gonsin\u201d.<\/p>\n<p>Nu har 80-talsikonen avsl\u00f6jat vad det \u00e4r som h\u00e4nt, skriver <a href=\"https:\/\/www.mirror.co.uk\/3am\/celebrity-news\/breaking-gary-numan-reveals-brothers-36262012\" rel=\"nofollow noopener\" target=\"_blank\">Mirror<\/a>.<\/p>\n<p>\u201dDe senaste tv\u00e5 dagarna har varit de sv\u00e5raste i mitt liv\u201d, skriver Numan.<\/p>\n<p>Senaste n\u00f6jesklippen fr\u00e5n Expressen.<img   alt=\"\"\/><\/p>\n<p>Gary Numan med brodern John.<\/p>\n<p>Foto: Instagram<\/p>\n<p>\u00d6ppna bild i helsk\u00e4rm<img loading=\"lazy\"   alt=\"\"\/><\/p>\n<p>Gary Numan.<\/p>\n<p>Foto: CHRISTIAN \u00d6RNBERG<\/p>\n<p>\u00d6ppna bild i helsk\u00e4rm<\/p>\n<p>Brittiske artisten Gary Numan hade stora framg\u00e5ngar p\u00e5 1980-talet med l\u00e5tar som \u201dCars\u201d och \u201dAre Friends Electric?\u201d Just nu \u00e4r han ute p\u00e5 sin Telekon-turn\u00e9 som firar 45-\u00e5rsjubileet av albumet med samma namn som n\u00e5dde f\u00f6rstaplatsen p\u00e5 den brittiska topplistan 1980.<\/p>\n<p>Men fansen blev oroliga under l\u00f6rdagens konsert i Birmingham n\u00e4r s\u00e5ngaren br\u00f6t ihop p\u00e5 scen.<\/p>\n<p>Den 67-\u00e5rige artisten var mitt i l\u00e5ten \u201dPlease Push No More\u201d n\u00e4r han blev s\u00e5 uppr\u00f6rd att hans fru Gemma rusade ut p\u00e5 scenen f\u00f6r att tr\u00f6sta och krama honom. Numan f\u00f6rklarade att han hade f\u00e5tt \u201ddet v\u00e4rsta beskedet n\u00e5gonsin\u201d tidigare under dagen.<\/p>\n<p>\u201dMin bror John dog\u201d<\/p>\n<p>Fans uttryckte sin oro p\u00e5 sociala medier.<\/p>\n<p>\u201dT\u00e4nk att f\u00e5 d\u00e5liga nyheter och \u00e4nd\u00e5 g\u00e5 upp p\u00e5 scen och upptr\u00e4da f\u00f6r alla sina fans. Det kr\u00e4vs stort mod f\u00f6r det\u201d, skriver en person.<\/p>\n<p>En annan skrev att det var \u201dtungt att se honom s\u00e5 uppr\u00f6rd\u201d.<\/p>\n<p>\u201dHoppas han \u00e4r okej\u201d, skriver en tredje.<\/p>\n<p>En fj\u00e4rde \u201dhoppas att det inte har med hans h\u00e4lsa eller familj att g\u00f6ra\u201d \u2013 men nu har Numan ber\u00e4ttat att det tyv\u00e4rr \u00e4r s\u00e5.<\/p>\n<p>\u201dDe senaste tv\u00e5 dagarna har varit de sv\u00e5raste i mitt liv. Det h\u00e4r \u00e4r varf\u00f6r. Min bror John dog pl\u00f6tsligt under de tidiga morgontimmarna i l\u00f6rdags\u201d, skriver Numan p\u00e5 Instagram.<\/p>\n<p>\u201dDen v\u00e4rsta stunden i mitt liv\u201d<\/p>\n<p>Brodern blev 60 \u00e5r.<\/p>\n<p>\u201dVi pratade i timmar f\u00f6re och efter spelningen men till slut var jag tvungen att \u00e5ka vidare eftersom vi hade en spelning i Birmingham senare samma kv\u00e4ll. Jag kramade honom vid d\u00f6rren till v\u00e5r turn\u00e9buss\u201d, skriver Numan.<\/p>\n<p>Han \u201ds\u00e5g honom g\u00e5 iv\u00e4g\u201d.<\/p>\n<p>\u201dTyv\u00e4rr kom han aldrig fram till sin bil, sviken av sitt eget hj\u00e4rta. Det kommer att hems\u00f6ka mig f\u00f6r alltid att vi k\u00f6rde i v\u00e4g utan att veta att han l\u00e5g p\u00e5 en regnig gata bara n\u00e5gra meter bort. Som tur var hittade en v\u00e4nlig person honom och ringde ambulans, men det var f\u00f6r sent\u201d, skriver Numan.<\/p>\n<p>Trots sorgen kommer han \u00e4nd\u00e5 att forts\u00e4tta turn\u00e9n.<\/p>\n<p>\u201dDet h\u00e4r \u00e4r den v\u00e4rsta stunden i mitt liv och jag har ingen aning om vad jag ska g\u00f6ra, annat \u00e4n att forts\u00e4tta med det enda jag kan, det som John alltid var s\u00e5 stolt \u00f6ver. Han \u00e4lskade \u2019Telekon\u2019, han var bara 15 n\u00e4r jag gjorde skivan. S\u00e5 den h\u00e4r turn\u00e9n \u00e4r inte l\u00e4ngre en hyllning till ett album, det \u00e4r en hyllning till John, min bror, den b\u00e4sta bror en man kan ha\u201d, skriver Numan.<\/p>\n","protected":false},"excerpt":{"rendered":"Publicerad 17 nov 2025 kl 23.13 Gary Numan br\u00f6t ihop under konserten efter att ha f\u00e5tt \u201ddet v\u00e4rsta&hellip;\n","protected":false},"author":2,"featured_media":83394,"comment_status":"","ping_status":"","sticky":false,"template":"","format":"standard","meta":{"footnotes":""},"categories":[67],"tags":[104,199,34,31,33,32,30,402,105],"class_list":{"0":"post-83393","1":"post","2":"type-post","3":"status-publish","4":"format-standard","5":"has-post-thumbnail","7":"category-underhallning","8":"tag-entertainment","9":"tag-location-storbritannien","10":"tag-se","11":"tag-svenska","12":"tag-sverige","13":"tag-sweden","14":"tag-swedish","15":"tag-topic-artister","16":"tag-underhallning"},"share_on_mastodon":{"url":"https:\/\/pubeurope.com\/@se\/115567425224624759","error":""},"_links":{"self":[{"href":"https:\/\/www.europesays.com\/se\/wp-json\/wp\/v2\/posts\/83393","targetHints":{"allow":["GET"]}}],"collection":[{"href":"https:\/\/www.europesays.com\/se\/wp-json\/wp\/v2\/posts"}],"about":[{"href":"https:\/\/www.europesays.com\/se\/wp-json\/wp\/v2\/types\/post"}],"author":[{"embeddable":true,"href":"https:\/\/www.europesays.com\/se\/wp-json\/wp\/v2\/users\/2"}],"replies":[{"embeddable":true,"href":"https:\/\/www.europesays.com\/se\/wp-json\/wp\/v2\/comments?post=83393"}],"version-history":[{"count":0,"href":"https:\/\/www.europesays.com\/se\/wp-json\/wp\/v2\/posts\/83393\/revisions"}],"wp:featuredmedia":[{"embeddable":true,"href":"https:\/\/www.europesays.com\/se\/wp-json\/wp\/v2\/media\/83394"}],"wp:attachment":[{"href":"https:\/\/www.europesays.com\/se\/wp-json\/wp\/v2\/media?parent=83393"}],"wp:term":[{"taxonomy":"category","embeddable":true,"href":"https:\/\/www.europesays.com\/se\/wp-json\/wp\/v2\/categories?post=83393"},{"taxonomy":"post_tag","embeddable":true,"href":"https:\/\/www.europesays.com\/se\/wp-json\/wp\/v2\/tags?post=83393"}],"curies":[{"name":"wp","href":"https:\/\/api.w.org\/{rel}","templated":true}]}}