{"id":83430,"date":"2025-11-18T00:09:13","date_gmt":"2025-11-18T00:09:13","guid":{"rendered":"https:\/\/www.europesays.com\/se\/83430\/"},"modified":"2025-11-18T00:09:13","modified_gmt":"2025-11-18T00:09:13","slug":"nya-teorin-om-familjens-dod-under-semestern","status":"publish","type":"post","link":"https:\/\/www.europesays.com\/se\/83430\/","title":{"rendered":"Nya teorin om familjens d\u00f6d under semestern"},"content":{"rendered":"<p>Publicerad 17 nov 2025 kl 21.06Uppdaterad kl 21.21<\/p>\n<p>En tysk familj dog under semestern i Turkiet.<\/p>\n<p>Inledningsvis misst\u00e4nkte man att de drabbats av matf\u00f6rgiftning, men nu har utredningen tagit en ny v\u00e4ndning.<\/p>\n<p>Senaste nyhetsklippen fr\u00e5n Expressen.<img   alt=\"\"\/><\/p>\n<p>Familjen bodde p\u00e5 ett hotell i stadsdelen Faith i Istanbul.<\/p>\n<p>Foto: Ahmed Deeb \/ TT NYHETSBYR\u00c5N<\/p>\n<p>\u00d6ppna bild i helsk\u00e4rm<\/p>\n<p>Det var i onsdags som ambulans larmades till ett hotell i stadsdelen Faith i Istanbul efter att en <a href=\"https:\/\/www.expressen.se\/nyheter\/varlden\/misstankta-forgiftningar-i-istanbul-tre-doda\/\" rel=\"nofollow noopener\" target=\"_blank\">familj fr\u00e5n Hamburg insjuknat med illam\u00e5ende och kr\u00e4nkningar<\/a>.\u00a0<\/p>\n<p>Den 27-\u00e5riga mamman Cigdem Bocek och de tv\u00e5 barnen Masal och Kadir, tre och sex \u00e5r gamla, avled kort d\u00e4refter. Pappan, 38-\u00e5rige Servet, lades in p\u00e5 intensivv\u00e5rdsavdelning, men p\u00e5 m\u00e5ndagen meddelades att \u00e4ven han hade d\u00f6tt.<\/p>\n<p>Polisen trodde f\u00f6rst att familjen hade drabbats av matf\u00f6rgiftning, och misstankarna riktades mot gatuf\u00f6rs\u00e4ljare i turistomr\u00e5det Ortak\u00f6y som de hade k\u00f6pt mat av tidigare under veckan.<\/p>\n<p>Ytterligare g\u00e4ster sjuka<\/p>\n<p>Men efter att ytterligare g\u00e4ster p\u00e5 hotellet insjuknat med liknande symptom, och att inga andra fall av matf\u00f6rgiftning kunnat kopplas till omr\u00e5det, har utredarna nu i st\u00e4llet riktat fokus mot hotellet och ett desinfektionsmedel mot v\u00e4ggl\u00f6ss, skriver <a href=\"https:\/\/www.tagesspiegel.de\/internationales\/verdacht-gegen-hotel-in-istanbul-starb-die-deutsche-familie-durch-bettwanzen-gift-14853974.html\" rel=\"nofollow noopener\" target=\"_blank\">Tagesspiegel<\/a>.<\/p>\n<p>Enligt tidningen ska familjens hotellrum ha desinficerats med medlet samma dag som de b\u00f6rjade m\u00e5 d\u00e5ligt.<\/p>\n<p>Den turkiska biologen Emel Kay\u0131k\u00e7\u0131 uppger att v\u00e4ggl\u00f6ss \u00e4r vanligt f\u00f6rekommande p\u00e5 hotell i <a href=\"https:\/\/www.expressen.se\/tagg\/location\/istanbul\/\" class=\"\" rel=\"nofollow noopener\" target=\"_blank\">Istanbuls<\/a> \u00e4ldre stadsdelar.<\/p>\n<p>\u2013 I st\u00e4llet f\u00f6r att samarbeta med certifierade f\u00f6retag anlitar m\u00e5nga hotell olicensierade firmor som k\u00f6per bek\u00e4mpningsmedel p\u00e5 svarta marknaden, s\u00e4ger hon enligt <a href=\"https:\/\/www.focus.de\/panorama\/istanbul-drama-biologin-aeussert-pestizid-verdacht-urlauber-beklagten-schmutz_7248d99e-6dc1-448d-9dcd-c8cb1ccf08c3.html\" rel=\"nofollow noopener\" target=\"_blank\">Focus<\/a>, och f\u00f6rklarar att kemikalierna kan tas upp genom huden och leda till f\u00f6rgiftning.<\/p>\n<p>Hotellet igenbommat<\/p>\n<p>Hotellet d\u00e4r familjen bodde har nu st\u00e4ngts och de kvarvarande g\u00e4sterna flyttats till andra boenden. Samtidigt har chefen och flera anst\u00e4llda frihetsber\u00f6vats, och lakan samt andra textilier har tagits i beslag f\u00f6r vidare unders\u00f6kning.<\/p>\n<p>D\u00f6dsorsaken \u00e4r fortfarande inte fastst\u00e4lld, och myndigheterna inv\u00e4ntar nu resultaten fr\u00e5n toxikologiska analyser f\u00f6r att kunna avg\u00f6ra om familjen f\u00f6rgiftats av kemikalier eller om n\u00e5gon annan orsak ligger bakom tragedin.<\/p>\n<p><strong>L\u00c4S MER: <\/strong><a href=\"https:\/\/www.expressen.se\/nyheter\/varlden\/misstankta-forgiftningar-i-istanbul-tre-doda\/\" class=\"\" rel=\"nofollow noopener\" target=\"_blank\">Misst\u00e4nkta f\u00f6rgiftningar i Istanbul \u2013 tre d\u00f6da<\/a><\/p>\n","protected":false},"excerpt":{"rendered":"Publicerad 17 nov 2025 kl 21.06Uppdaterad kl 21.21 En tysk familj dog under semestern i Turkiet. Inledningsvis misst\u00e4nkte&hellip;\n","protected":false},"author":2,"featured_media":83431,"comment_status":"","ping_status":"","sticky":false,"template":"","format":"standard","meta":{"footnotes":""},"categories":[5],"tags":[22,23,26,27,17,21,24,25,7534,500,57,28,29,15,16,18,34,55,31,33,32,30,19,427,20],"class_list":{"0":"post-83430","1":"post","2":"type-post","3":"status-publish","4":"format-standard","5":"has-post-thumbnail","7":"category-rubriker","8":"tag-breaking-news","9":"tag-breakingnews","10":"tag-featured-news","11":"tag-featurednews","12":"tag-headlines","13":"tag-huvudnyheter","14":"tag-latest-news","15":"tag-latestnews","16":"tag-location-istanbul","17":"tag-location-turkiet","18":"tag-location-tyskland","19":"tag-main-news","20":"tag-mainnews","21":"tag-news","22":"tag-nyheter","23":"tag-rubriker","24":"tag-se","25":"tag-sections-varlden","26":"tag-svenska","27":"tag-sverige","28":"tag-sweden","29":"tag-swedish","30":"tag-top-stories","31":"tag-topic-dodsfall","32":"tag-topstories"},"share_on_mastodon":{"url":"https:\/\/pubeurope.com\/@se\/115567798690813036","error":""},"_links":{"self":[{"href":"https:\/\/www.europesays.com\/se\/wp-json\/wp\/v2\/posts\/83430","targetHints":{"allow":["GET"]}}],"collection":[{"href":"https:\/\/www.europesays.com\/se\/wp-json\/wp\/v2\/posts"}],"about":[{"href":"https:\/\/www.europesays.com\/se\/wp-json\/wp\/v2\/types\/post"}],"author":[{"embeddable":true,"href":"https:\/\/www.europesays.com\/se\/wp-json\/wp\/v2\/users\/2"}],"replies":[{"embeddable":true,"href":"https:\/\/www.europesays.com\/se\/wp-json\/wp\/v2\/comments?post=83430"}],"version-history":[{"count":0,"href":"https:\/\/www.europesays.com\/se\/wp-json\/wp\/v2\/posts\/83430\/revisions"}],"wp:featuredmedia":[{"embeddable":true,"href":"https:\/\/www.europesays.com\/se\/wp-json\/wp\/v2\/media\/83431"}],"wp:attachment":[{"href":"https:\/\/www.europesays.com\/se\/wp-json\/wp\/v2\/media?parent=83430"}],"wp:term":[{"taxonomy":"category","embeddable":true,"href":"https:\/\/www.europesays.com\/se\/wp-json\/wp\/v2\/categories?post=83430"},{"taxonomy":"post_tag","embeddable":true,"href":"https:\/\/www.europesays.com\/se\/wp-json\/wp\/v2\/tags?post=83430"}],"curies":[{"name":"wp","href":"https:\/\/api.w.org\/{rel}","templated":true}]}}