{"id":83468,"date":"2025-11-18T01:11:11","date_gmt":"2025-11-18T01:11:11","guid":{"rendered":"https:\/\/www.europesays.com\/se\/83468\/"},"modified":"2025-11-18T01:11:11","modified_gmt":"2025-11-18T01:11:11","slug":"varmlandsk-doldis-nominerad-pa-idrottsgalan-kan-snuva-mondo-fick-boka-om-resa-nwt","status":"publish","type":"post","link":"https:\/\/www.europesays.com\/se\/83468\/","title":{"rendered":"V\u00e4rml\u00e4ndsk doldis nominerad p\u00e5 Idrottsgalan \u2013 kan snuva \u201dMondo\u201d: \u201dFick boka om resa\u201d &#8211; NWT"},"content":{"rendered":"<ol>\n<li><a href=\"https:\/\/news.google.com\/rss\/articles\/CBMitAFBVV95cUxOUjFNbG1rZHVKY3d4VVY3b0xNQThfdGhqb2FGRUFSaXFhdTIwY05KSEVIRmtvLVFkY0FhQ0Q3d3pTSDU1UzVFWDdBR3ZCcUx4RW13WEhSRnRSZGhONWd4SDVnN2VXYk9aZWpXUVEzU1BpUWJ2NzFBWXNxanVCVWFocEpRYWdpWmM1LXhQekVEZDRUdFlLXzFMem1nOHYyZUFoUFQ5a1A0V3RkRlVucHpPb0JXR0Y?oc=5\" target=\"_blank\" rel=\"nofollow noopener\">V\u00e4rml\u00e4ndsk doldis nominerad p\u00e5 Idrottsgalan \u2013 kan snuva \u201dMondo\u201d: \u201dFick boka om resa\u201d<\/a>&nbsp;&nbsp;NWT<\/li>\n<li><a href=\"https:\/\/news.google.com\/rss\/articles\/CBMilgFBVV95cUxPenliRXhmNWR5eEcwckIyMnJCakRmN0ZEa01TeHJqb2I5ZFZzYkJrcHlxd1BZcHFhdEV5YXJYV2R4MnpmLXhpTEpFVTFFY2dKNGxsOERMOTNSMVpUS1N0bXVkOEZVcHVHZ1ZvOG9hcXM1WVJfNXRERS1xYWJPZEhyN2dUc3JqV3A1NEg4aDlCYjlkQlVjWXc?oc=5\" target=\"_blank\" rel=\"nofollow noopener\">Friidrott: Daniel St\u00e5hl nobbas \u2013 kan inte bli \u00e5rets manliga idrottare<\/a>&nbsp;&nbsp;SVT Nyheter<\/li>\n<li><a href=\"https:\/\/news.google.com\/rss\/articles\/CBMirgFBVV95cUxNMjdFN2dKR3NLOFNjN2JnaERUWjBVcnRBR3JOMzdpYTJrNlNKalR5V1AtclJIeXZSS3QwS1BHSU40WFZ2N2VDaXF4OEtuRGd2WWQ1MEd1QUVwa3MzT2Zjay1HazhwTXoxTjg3aEFZbTVXSlNsa0pLR1VIZFE2MkY2ejZSR3J4M081WHljU3l2NmRKWW0wLVNRLWktUnZaNTZrOVctNkVWVm9OaUVFRWc?oc=5\" target=\"_blank\" rel=\"nofollow noopener\">Daniel St\u00e5hl ratas p\u00e5 Idrottsgalan \u2013 trots VM-guldet<\/a>&nbsp;&nbsp;Aftonbladet<\/li>\n<li><a href=\"https:\/\/news.google.com\/rss\/articles\/CBMidkFVX3lxTE1YamltUEFHZktRQVZqY2RIWEVQN2c1SDVhSFoweEZlQnM0b1M1ZDlna3ZGV3VjUU5UOTFQOHZpSk1rQzhlZlVoV2FXQ3dLeUV3WWl3V2NlY2ljOGs4RFVQWTdKcjFHdDZaUTQyckV2cU4tN1FPclE?oc=5\" target=\"_blank\" rel=\"nofollow noopener\">Ystadskille kan bli \u00c5rets nykomling<\/a>&nbsp;&nbsp;Ystads Allehanda<\/li>\n<li><a href=\"https:\/\/news.google.com\/rss\/articles\/CBMi7gFBVV95cUxPcFhacmlMeXo0VzVVbkVzbFd2cXNGVC03WlRidW1sbHBPdlBsNVJ2S1ZMbEtTanhZSk9OSFdyZE5iRWtDWW0yOWVDMll4ZWJrMHBuVXcxOE92RE1hOUVZUkc2MmtrYU12aHl3MEpGOUNzRV9rRGFCS2NueC13cnktMm9VUFgtQVBLQUpwX0lkX2FOcl9EaGdXakl6ZFRoNmx3SmdVMnI5VEdMZGtfUmVXZGNUUXQ1NmwxRzRIbmVqRmNEUm1HS3l4OUlUZHQwLV9xcFJqdEdhS2MwaGpWc0VkVW5kT05ETTQzOTNTWUdB?oc=5\" target=\"_blank\" rel=\"nofollow noopener\">Nominerade till Idrottsgalan 2026 &#8211; \u00c5rets Kvinnliga Idrottare och \u00c5rets Manliga Idrottare<\/a>&nbsp;&nbsp;Via TT<\/li>\n<\/ol>\n","protected":false},"excerpt":{"rendered":"V\u00e4rml\u00e4ndsk doldis nominerad p\u00e5 Idrottsgalan \u2013 kan snuva \u201dMondo\u201d: \u201dFick boka om resa\u201d&nbsp;&nbsp;NWT Friidrott: Daniel St\u00e5hl nobbas \u2013&hellip;\n","protected":false},"author":2,"featured_media":83469,"comment_status":"","ping_status":"","sticky":false,"template":"","format":"standard","meta":{"footnotes":""},"categories":[68],"tags":[34,111,110,31,33,32,30],"class_list":{"0":"post-83468","1":"post","2":"type-post","3":"status-publish","4":"format-standard","5":"has-post-thumbnail","7":"category-sport","8":"tag-se","9":"tag-sport","10":"tag-sports","11":"tag-svenska","12":"tag-sverige","13":"tag-sweden","14":"tag-swedish"},"share_on_mastodon":{"url":"https:\/\/pubeurope.com\/@se\/115568042507920810","error":""},"_links":{"self":[{"href":"https:\/\/www.europesays.com\/se\/wp-json\/wp\/v2\/posts\/83468","targetHints":{"allow":["GET"]}}],"collection":[{"href":"https:\/\/www.europesays.com\/se\/wp-json\/wp\/v2\/posts"}],"about":[{"href":"https:\/\/www.europesays.com\/se\/wp-json\/wp\/v2\/types\/post"}],"author":[{"embeddable":true,"href":"https:\/\/www.europesays.com\/se\/wp-json\/wp\/v2\/users\/2"}],"replies":[{"embeddable":true,"href":"https:\/\/www.europesays.com\/se\/wp-json\/wp\/v2\/comments?post=83468"}],"version-history":[{"count":0,"href":"https:\/\/www.europesays.com\/se\/wp-json\/wp\/v2\/posts\/83468\/revisions"}],"wp:featuredmedia":[{"embeddable":true,"href":"https:\/\/www.europesays.com\/se\/wp-json\/wp\/v2\/media\/83469"}],"wp:attachment":[{"href":"https:\/\/www.europesays.com\/se\/wp-json\/wp\/v2\/media?parent=83468"}],"wp:term":[{"taxonomy":"category","embeddable":true,"href":"https:\/\/www.europesays.com\/se\/wp-json\/wp\/v2\/categories?post=83468"},{"taxonomy":"post_tag","embeddable":true,"href":"https:\/\/www.europesays.com\/se\/wp-json\/wp\/v2\/tags?post=83468"}],"curies":[{"name":"wp","href":"https:\/\/api.w.org\/{rel}","templated":true}]}}