{"id":83490,"date":"2025-11-18T03:44:12","date_gmt":"2025-11-18T03:44:12","guid":{"rendered":"https:\/\/www.europesays.com\/se\/83490\/"},"modified":"2025-11-18T03:44:12","modified_gmt":"2025-11-18T03:44:12","slug":"den-ursprungliga-harry-potter-filmen-slapps-i-ny-jatteversion","status":"publish","type":"post","link":"https:\/\/www.europesays.com\/se\/83490\/","title":{"rendered":"Den ursprungliga \u201cHarry Potter\u201d-filmen sl\u00e4pps i ny j\u00e4tteversion"},"content":{"rendered":"<p>Warner Bros. sl\u00e4pper nu en ny version av den f\u00f6rsta \u201dHarry Potter\u201d-filmen, rapporterar <a href=\"https:\/\/screenrant.com\/harry-potter-sorcerers-stone-warner-bros-cosm-2026-release\/\" rel=\"nofollow noopener\" target=\"_blank\">ScreenRant<\/a>. Inf\u00f6r 25-\u00e5rsjubileet av \u201d<a href=\"https:\/\/www.moviezine.se\/recensioner\/underhallande-fantasyaventyr\" rel=\"nofollow noopener\" target=\"_blank\">Harry Potter och de vises sten<\/a>\u201d fr\u00e5n 2001 kommer filmen att visas i en ny \u201dshared reality\u201d-version skapad i samarbete med Cosm.<\/p>\n<p>Den uppdaterade versionen visas i j\u00e4ttelika 87-fots LED-domar i bland annat Los Angeles, Dallas och Atlanta. Du tittar allts\u00e5 inte bara p\u00e5 en film p\u00e5 en vanlig duk, utan befinner dig i en gemensam, omslutande milj\u00f6 som projicerar filmen runt omkring. Alla upplever ocks\u00e5 samma sak i realtid. Till skillnad fr\u00e5n exempelvis virtual reality som erbjuder en liknande upplevelse, men bara f\u00f6r en ensam person med ett headset. Ut\u00f6ver det placeras ofta ljud och ljus i rummet p\u00e5 ett s\u00e4tt som skapar k\u00e4nslan av djup och r\u00f6relse runt publiken.<\/p>\n<p>Den f\u00f6rsta \u201dHarry Potter\u201d-filmen regisserades av Chris Columbus, vars mer sagolika ton satte pr\u00e4gel p\u00e5 de tv\u00e5 f\u00f6rsta filmerna. Senare delar togs \u00f6ver av andra regiss\u00f6rer och Alfonso Cuar\u00f3n m\u00f6rkade till serien med \u201c<a href=\"https:\/\/www.moviezine.se\/recensioner\/en-fortrollande-filmupplevelse\" rel=\"nofollow noopener\" target=\"_blank\">Harry Potter och f\u00e5ngen p\u00e5 Azkaban<\/a>\u201d.<\/p>\n<p>Det \u00e4r just nu oklart om det blir n\u00e5gra visningar \u00e4ven i Sverige. Kanske har <strong>Cosmonova<\/strong> m\u00f6jlighet? Biljetterna v\u00e4ntas i vilket fall sl\u00e4ppas i b\u00f6rjan av 2026.<\/p>\n<p>Du kan se hur Cosm tidigare gjort visningar av \u201d<strong>The Matrix<\/strong>\u201d i klippet nedan:<\/p>\n<p><img loading=\"lazy\" decoding=\"async\" alt=\"YouTube video\" width=\"480\" height=\"360\" data-pin-nopin=\"true\" nopin=\"nopin\" class=\"perfmatters-lazy\" src=\"https:\/\/www.europesays.com\/se\/wp-content\/uploads\/2025\/11\/1763437452_786_hqdefault.jpg\"\/><\/p>\n<p>L\u00e4s ocks\u00e5: <a href=\"https:\/\/www.moviezine.se\/nyheter\/james-oliver-phelps-weasley-harry-potter-intervju-wizards-of-baking\" title=\"Weasley-tvillingarna om sina fina Harry Potter-minnen: \u201dInget kommer n\u00e5gonsin att sl\u00e5 det \u00f6gonblicket\u201d\" class=\"underline-custom !font-montserrat !font-bold !underline-offset-4 !decoration-4 !decoration-moviezine-green !text-md\" rel=\"nofollow noopener\" target=\"_blank\">Weasley-tvillingarna om sina fina Harry Potter-minnen: \u201dInget kommer n\u00e5gonsin att sl\u00e5 det \u00f6gonblicket\u201d<\/a><\/p>\n<p>L\u00e4s ocks\u00e5: <a href=\"https:\/\/www.moviezine.se\/nyheter\/har-disney-hittat-nasta-harry-potter-hajpad-ny-fantasybokserie-blir-film\" title=\"Har Disney hittat n\u00e4sta \u201dHarry Potter\u201d? Hajpad ny fantasybokserie blir film!\" class=\"underline-custom !font-montserrat !font-bold !underline-offset-4 !decoration-4 !decoration-moviezine-green !text-md\" rel=\"nofollow noopener\" target=\"_blank\">Har Disney hittat n\u00e4sta \u201dHarry Potter\u201d? Hajpad ny fantasybokserie blir film!<\/a><\/p>\n","protected":false},"excerpt":{"rendered":"Warner Bros. sl\u00e4pper nu en ny version av den f\u00f6rsta \u201dHarry Potter\u201d-filmen, rapporterar ScreenRant. Inf\u00f6r 25-\u00e5rsjubileet av \u201dHarry&hellip;\n","protected":false},"author":2,"featured_media":83491,"comment_status":"","ping_status":"","sticky":false,"template":"","format":"standard","meta":{"footnotes":""},"categories":[67],"tags":[8387,104,2454,34,31,33,32,30,105],"class_list":{"0":"post-83490","1":"post","2":"type-post","3":"status-publish","4":"format-standard","5":"has-post-thumbnail","7":"category-underhallning","8":"tag-biograf","9":"tag-entertainment","10":"tag-harry-potter","11":"tag-se","12":"tag-svenska","13":"tag-sverige","14":"tag-sweden","15":"tag-swedish","16":"tag-underhallning"},"share_on_mastodon":{"url":"https:\/\/pubeurope.com\/@se\/115568644317187420","error":""},"_links":{"self":[{"href":"https:\/\/www.europesays.com\/se\/wp-json\/wp\/v2\/posts\/83490","targetHints":{"allow":["GET"]}}],"collection":[{"href":"https:\/\/www.europesays.com\/se\/wp-json\/wp\/v2\/posts"}],"about":[{"href":"https:\/\/www.europesays.com\/se\/wp-json\/wp\/v2\/types\/post"}],"author":[{"embeddable":true,"href":"https:\/\/www.europesays.com\/se\/wp-json\/wp\/v2\/users\/2"}],"replies":[{"embeddable":true,"href":"https:\/\/www.europesays.com\/se\/wp-json\/wp\/v2\/comments?post=83490"}],"version-history":[{"count":0,"href":"https:\/\/www.europesays.com\/se\/wp-json\/wp\/v2\/posts\/83490\/revisions"}],"wp:featuredmedia":[{"embeddable":true,"href":"https:\/\/www.europesays.com\/se\/wp-json\/wp\/v2\/media\/83491"}],"wp:attachment":[{"href":"https:\/\/www.europesays.com\/se\/wp-json\/wp\/v2\/media?parent=83490"}],"wp:term":[{"taxonomy":"category","embeddable":true,"href":"https:\/\/www.europesays.com\/se\/wp-json\/wp\/v2\/categories?post=83490"},{"taxonomy":"post_tag","embeddable":true,"href":"https:\/\/www.europesays.com\/se\/wp-json\/wp\/v2\/tags?post=83490"}],"curies":[{"name":"wp","href":"https:\/\/api.w.org\/{rel}","templated":true}]}}