{"id":83517,"date":"2025-11-18T04:46:23","date_gmt":"2025-11-18T04:46:23","guid":{"rendered":"https:\/\/www.europesays.com\/se\/83517\/"},"modified":"2025-11-18T04:46:23","modified_gmt":"2025-11-18T04:46:23","slug":"man-maste-kliva-fram-valdet-mot-kvinnor-ar-vart-ansvar","status":"publish","type":"post","link":"https:\/\/www.europesays.com\/se\/83517\/","title":{"rendered":"M\u00e4n m\u00e5ste kliva fram \u2013 v\u00e5ldet mot kvinnor \u00e4r v\u00e5rt ansvar"},"content":{"rendered":"<p class=\"normal\"><strong>Jag, Anders B\u00f6rjesson, \u00e4r polis<\/strong>. Jag \u00e4r stolt \u00f6ver mycket av det vi g\u00f6r. Men jag \u00e4r ocks\u00e5 frustrerad. F\u00f6r trots v\u00e5r vilja, v\u00e5ra insatser och v\u00e5ra m\u00e5ls\u00e4ttningar s\u00e5 minskar inte v\u00e5ldet. M\u00e4n forts\u00e4tter att sl\u00e5, hota, kontrollera och d\u00f6da. Jag vet att inte alla m\u00e4n ut\u00f6var v\u00e5ld. Men n\u00e4stan allt v\u00e5ld i v\u00e5rt samh\u00e4lle ut\u00f6vas av m\u00e4n. Den sanningen m\u00e5ste vi v\u00e5ga se i vit\u00f6gat \u2013 och agera utifr\u00e5n. Och framf\u00f6r allt &#8211; vi m\u00e4n m\u00e5ste kliva fram.<\/p>\n<p class=\"normal\"><strong>Vi m\u00e5ste b\u00f6rja agera redan p\u00e5 oro<\/strong>. Inte v\u00e4nta tills bl\u00e5m\u00e4rken syns, inte bortf\u00f6rklara diffusa tecken p\u00e5 kontroll, r\u00e4dsla eller isolering som en privatsak. N\u00e4r vi tyst rationaliserar bort v\u00e5r magk\u00e4nsla, ger vi v\u00e5ldet utrymme att forts\u00e4tta. Vi beh\u00f6ver ocks\u00e5 granska v\u00e5ra egna beteenden \u2013 hur vi talar, sk\u00e4mtar, agerar. F\u00f6r v\u00e5ldet f\u00f6ds inte ur tomma intet. Det v\u00e4xer ur normer, jargonger och maktstrukturer som vi alla \u00e4r en del av. Varje g\u00e5ng vi pratar om det som n\u00e5gon annans ansvar \u2013 r\u00e4ttsv\u00e4sendets, socialtj\u00e4nstens, politikens \u2013 abdikerar vi fr\u00e5n v\u00e5rt eget. Det h\u00e4r \u00e4r inte n\u00e5gon annans kamp. Den \u00e4r v\u00e5r. Vi m\u00e5ste agera nu \u2013 inte n\u00e4r det \u00e4r f\u00f6r sent.<\/p>\n<p class=\"normal\"><strong>Oavsett om du \u00e4r f\u00f6retagare, chef, idrottstr\u00e4nare, arbetskamrat eller v\u00e4n<\/strong> &#8211; du kan g\u00f6ra skillnad p\u00e5 liv eller d\u00f6d! V\u00e5ga fr\u00e5ga kollegan eller v\u00e4nnen som verkar ledsen hur hon m\u00e5r. V\u00e5ga prata med andra m\u00e4n om j\u00e4mst\u00e4lldhet och m\u00e4ns v\u00e5ld mot kvinnor. V\u00e5gar vi se, v\u00e5gar prata om det &#8211; d\u00e5 v\u00e5gar vi ocks\u00e5 agera.<\/p>\n<p class=\"normal\"><strong>Som man kan du v\u00e4lja att vara en del av problemet \u2013 eller en del av l\u00f6sningen.<\/strong><\/p>\n<p class=\"normal\">Anders B\u00f6rjesson, polisomr\u00e5deschef<\/p>\n<p class=\"normal\">Anders Thornberg, landsh\u00f6vding<\/p>\n","protected":false},"excerpt":{"rendered":"Jag, Anders B\u00f6rjesson, \u00e4r polis. Jag \u00e4r stolt \u00f6ver mycket av det vi g\u00f6r. Men jag \u00e4r ocks\u00e5&hellip;\n","protected":false},"author":2,"featured_media":83518,"comment_status":"","ping_status":"","sticky":false,"template":"","format":"standard","meta":{"footnotes":""},"categories":[5],"tags":[22,23,26,27,17,21,24,25,28,29,15,16,18,34,31,33,32,30,19,20],"class_list":{"0":"post-83517","1":"post","2":"type-post","3":"status-publish","4":"format-standard","5":"has-post-thumbnail","7":"category-rubriker","8":"tag-breaking-news","9":"tag-breakingnews","10":"tag-featured-news","11":"tag-featurednews","12":"tag-headlines","13":"tag-huvudnyheter","14":"tag-latest-news","15":"tag-latestnews","16":"tag-main-news","17":"tag-mainnews","18":"tag-news","19":"tag-nyheter","20":"tag-rubriker","21":"tag-se","22":"tag-svenska","23":"tag-sverige","24":"tag-sweden","25":"tag-swedish","26":"tag-top-stories","27":"tag-topstories"},"share_on_mastodon":{"url":"https:\/\/pubeurope.com\/@se\/115568887952124467","error":""},"_links":{"self":[{"href":"https:\/\/www.europesays.com\/se\/wp-json\/wp\/v2\/posts\/83517","targetHints":{"allow":["GET"]}}],"collection":[{"href":"https:\/\/www.europesays.com\/se\/wp-json\/wp\/v2\/posts"}],"about":[{"href":"https:\/\/www.europesays.com\/se\/wp-json\/wp\/v2\/types\/post"}],"author":[{"embeddable":true,"href":"https:\/\/www.europesays.com\/se\/wp-json\/wp\/v2\/users\/2"}],"replies":[{"embeddable":true,"href":"https:\/\/www.europesays.com\/se\/wp-json\/wp\/v2\/comments?post=83517"}],"version-history":[{"count":0,"href":"https:\/\/www.europesays.com\/se\/wp-json\/wp\/v2\/posts\/83517\/revisions"}],"wp:featuredmedia":[{"embeddable":true,"href":"https:\/\/www.europesays.com\/se\/wp-json\/wp\/v2\/media\/83518"}],"wp:attachment":[{"href":"https:\/\/www.europesays.com\/se\/wp-json\/wp\/v2\/media?parent=83517"}],"wp:term":[{"taxonomy":"category","embeddable":true,"href":"https:\/\/www.europesays.com\/se\/wp-json\/wp\/v2\/categories?post=83517"},{"taxonomy":"post_tag","embeddable":true,"href":"https:\/\/www.europesays.com\/se\/wp-json\/wp\/v2\/tags?post=83517"}],"curies":[{"name":"wp","href":"https:\/\/api.w.org\/{rel}","templated":true}]}}