{"id":83521,"date":"2025-11-18T04:53:16","date_gmt":"2025-11-18T04:53:16","guid":{"rendered":"https:\/\/www.europesays.com\/se\/83521\/"},"modified":"2025-11-18T04:53:16","modified_gmt":"2025-11-18T04:53:16","slug":"regeringen-infor-en-fortydligad-samradsplikt-for-skogsbruksatgarder-i-urskog-och-gammal-skog","status":"publish","type":"post","link":"https:\/\/www.europesays.com\/se\/83521\/","title":{"rendered":"Regeringen inf\u00f6r en f\u00f6rtydligad samr\u00e5dsplikt f\u00f6r skogsbruks\u00e5tg\u00e4rder i urskog och gammal skog"},"content":{"rendered":"<p>&#13;<br \/>\nRegeringen har beslutat om \u00e4ndringar i f\u00f6rordningen (1998:904) om anm\u00e4lan f\u00f6r samr\u00e5d. \u00c4ndringarna inneb\u00e4r att det f\u00f6rtydligas att skogsbruks\u00e5tg\u00e4rder som avses utf\u00f6ras i urskog och gammal skog ska anm\u00e4las f\u00f6r samr\u00e5d enligt 12 kap. 6 \u00a7 milj\u00f6balken innan de utf\u00f6rs. <\/p>\n<p>Det inneb\u00e4r att den som planerar att utf\u00f6ra en skogsbruks\u00e5tg\u00e4rd i s\u00e5dan skog m\u00e5ste anm\u00e4la detta till tillsynsmyndigheten. Skogsstyrelsen ansvarar d\u00e4refter f\u00f6r att handl\u00e4gga anm\u00e4lan om samr\u00e5d.<\/p>\n<p>Syftet med beslutet \u00e4r att s\u00e4kerst\u00e4lla en tydlig och effektiv till\u00e4mpning av EU:s f\u00f6rnybartdirektiv (RED III) och dess h\u00e5llbarhetskriterier f\u00f6r f\u00f6rnybara br\u00e4nslen som anv\u00e4nds i Sverige. D\u00e4rmed v\u00e4rnas Sveriges fortsatta status som l\u00e5griskland, s\u00e5 kallat A-land. F\u00f6r skogsbiomassa med ursprung i ett A-land g\u00e4ller l\u00e4gre administrativ b\u00f6rda f\u00f6r att visa att skogsbiomassan uppfyller h\u00e5llbarhetskriterierna. Dessutom skapas tydliga processer f\u00f6r mark\u00e4gare och akt\u00f6rer som anv\u00e4nder biobr\u00e4nslen.<\/p>\n<p>\u2013 Genom att s\u00e4kerst\u00e4lla att Sverige fortsatt ska anses vara ett s\u00e5 kallat A-land st\u00e4rker Sverige sin konkurrenskraft f\u00f6r h\u00e5llbara biodrivmedel och biobr\u00e4nslen fr\u00e5n svensk skogsr\u00e5vara. Detta inneb\u00e4r l\u00e4gre kostnader och mindre administrativ b\u00f6rda f\u00f6r svenska f\u00f6retag, s\u00e4ger landsbygdsminister Peter Kullgren. \u00a0\u00a0<\/p>\n<p>De nya best\u00e4mmelserna som f\u00f6rtydligar att skogsbruks\u00e5tg\u00e4rder som avses utf\u00f6ras i urskog och gammal skog ska anm\u00e4las f\u00f6r samr\u00e5d, b\u00f6rjar g\u00e4lla f\u00f6r urskog den 15 december 2025 och f\u00f6r gammal skog den 1 februari 2026.<\/p>\n","protected":false},"excerpt":{"rendered":"&#13; Regeringen har beslutat om \u00e4ndringar i f\u00f6rordningen (1998:904) om anm\u00e4lan f\u00f6r samr\u00e5d. \u00c4ndringarna inneb\u00e4r att det f\u00f6rtydligas&hellip;\n","protected":false},"author":2,"featured_media":67452,"comment_status":"","ping_status":"","sticky":false,"template":"","format":"standard","meta":{"footnotes":""},"categories":[12],"tags":[22,23,26,27,17,21,24,25,28,29,15,16,18,34,31,33,32,30,19,20],"class_list":{"0":"post-83521","1":"post","2":"type-post","3":"status-publish","4":"format-standard","5":"has-post-thumbnail","7":"category-sverige","8":"tag-breaking-news","9":"tag-breakingnews","10":"tag-featured-news","11":"tag-featurednews","12":"tag-headlines","13":"tag-huvudnyheter","14":"tag-latest-news","15":"tag-latestnews","16":"tag-main-news","17":"tag-mainnews","18":"tag-news","19":"tag-nyheter","20":"tag-rubriker","21":"tag-se","22":"tag-svenska","23":"tag-sverige","24":"tag-sweden","25":"tag-swedish","26":"tag-top-stories","27":"tag-topstories"},"share_on_mastodon":{"url":"https:\/\/pubeurope.com\/@se\/115568915438602431","error":""},"_links":{"self":[{"href":"https:\/\/www.europesays.com\/se\/wp-json\/wp\/v2\/posts\/83521","targetHints":{"allow":["GET"]}}],"collection":[{"href":"https:\/\/www.europesays.com\/se\/wp-json\/wp\/v2\/posts"}],"about":[{"href":"https:\/\/www.europesays.com\/se\/wp-json\/wp\/v2\/types\/post"}],"author":[{"embeddable":true,"href":"https:\/\/www.europesays.com\/se\/wp-json\/wp\/v2\/users\/2"}],"replies":[{"embeddable":true,"href":"https:\/\/www.europesays.com\/se\/wp-json\/wp\/v2\/comments?post=83521"}],"version-history":[{"count":0,"href":"https:\/\/www.europesays.com\/se\/wp-json\/wp\/v2\/posts\/83521\/revisions"}],"wp:featuredmedia":[{"embeddable":true,"href":"https:\/\/www.europesays.com\/se\/wp-json\/wp\/v2\/media\/67452"}],"wp:attachment":[{"href":"https:\/\/www.europesays.com\/se\/wp-json\/wp\/v2\/media?parent=83521"}],"wp:term":[{"taxonomy":"category","embeddable":true,"href":"https:\/\/www.europesays.com\/se\/wp-json\/wp\/v2\/categories?post=83521"},{"taxonomy":"post_tag","embeddable":true,"href":"https:\/\/www.europesays.com\/se\/wp-json\/wp\/v2\/tags?post=83521"}],"curies":[{"name":"wp","href":"https:\/\/api.w.org\/{rel}","templated":true}]}}