{"id":83524,"date":"2025-11-18T05:01:28","date_gmt":"2025-11-18T05:01:28","guid":{"rendered":"https:\/\/www.europesays.com\/se\/83524\/"},"modified":"2025-11-18T05:01:28","modified_gmt":"2025-11-18T05:01:28","slug":"bakom-dorrarna-pa-bordellhotellet-aftonbladet-podcast","status":"publish","type":"post","link":"https:\/\/www.europesays.com\/se\/83524\/","title":{"rendered":"Bakom d\u00f6rrarna p\u00e5 bordellhotellet \u2013 Aftonbladet podcast"},"content":{"rendered":"<p class=\"hyperion-css-81xgzb\" data-test-tag=\"lead-text\">P\u00e5 ett centralt l\u00e4genhetshotell p\u00e5 S\u00f6dermalm i Stockholm har minst 1600 sexk\u00f6p utf\u00f6rts p\u00e5 mindre \u00e4n ett \u00e5r. Det \u00e4r ett diskret hotell, ett vanligt l\u00e4genhetshus i tegel. Det finns ingen reception, ingen personal, och ingen hotellskylt. <br \/>Polisen har bedrivit spaning mot l\u00e4genhetshotellet, och i och med en ny lag som tr\u00e4dde i kraft vid \u00e5rsskiftet har man nu kunnat st\u00e4nga verksamheten. <br \/>Hur \u00e4r det m\u00f6jligt att den h\u00e4r omfattande prostitutionen kunnat fortg\u00e5 s\u00e5 l\u00e4nge, vilka \u00e4r sexk\u00f6parna och vad h\u00e4nder med kvinnorna nu?<br \/>G\u00e4st: Pernilla Ericsson, reporter p\u00e5 Aftonbladet.<br \/>Programledare och producent: Jessica Johansson.<br \/>Klipp fr\u00e5n: SVT Stockholm, maxistockholm\/Tiktok.<br \/>Kontakt: podcast@aftonbladet.se<\/p>\n<p class=\"hyperion-css-1nltwgz\">M\u00c5NDAG 17 NOVEMBER 2025<\/p>\n<p>Alla Aftonbladets podcasts<\/p>\n","protected":false},"excerpt":{"rendered":"P\u00e5 ett centralt l\u00e4genhetshotell p\u00e5 S\u00f6dermalm i Stockholm har minst 1600 sexk\u00f6p utf\u00f6rts p\u00e5 mindre \u00e4n ett \u00e5r.&hellip;\n","protected":false},"author":2,"featured_media":27149,"comment_status":"","ping_status":"","sticky":false,"template":"","format":"standard","meta":{"footnotes":""},"categories":[12],"tags":[22,23,26,27,17,21,24,25,28,29,15,16,18,34,31,33,32,30,19,20],"class_list":{"0":"post-83524","1":"post","2":"type-post","3":"status-publish","4":"format-standard","5":"has-post-thumbnail","7":"category-sverige","8":"tag-breaking-news","9":"tag-breakingnews","10":"tag-featured-news","11":"tag-featurednews","12":"tag-headlines","13":"tag-huvudnyheter","14":"tag-latest-news","15":"tag-latestnews","16":"tag-main-news","17":"tag-mainnews","18":"tag-news","19":"tag-nyheter","20":"tag-rubriker","21":"tag-se","22":"tag-svenska","23":"tag-sverige","24":"tag-sweden","25":"tag-swedish","26":"tag-top-stories","27":"tag-topstories"},"share_on_mastodon":{"url":"https:\/\/pubeurope.com\/@se\/115568946928528189","error":""},"_links":{"self":[{"href":"https:\/\/www.europesays.com\/se\/wp-json\/wp\/v2\/posts\/83524","targetHints":{"allow":["GET"]}}],"collection":[{"href":"https:\/\/www.europesays.com\/se\/wp-json\/wp\/v2\/posts"}],"about":[{"href":"https:\/\/www.europesays.com\/se\/wp-json\/wp\/v2\/types\/post"}],"author":[{"embeddable":true,"href":"https:\/\/www.europesays.com\/se\/wp-json\/wp\/v2\/users\/2"}],"replies":[{"embeddable":true,"href":"https:\/\/www.europesays.com\/se\/wp-json\/wp\/v2\/comments?post=83524"}],"version-history":[{"count":0,"href":"https:\/\/www.europesays.com\/se\/wp-json\/wp\/v2\/posts\/83524\/revisions"}],"wp:featuredmedia":[{"embeddable":true,"href":"https:\/\/www.europesays.com\/se\/wp-json\/wp\/v2\/media\/27149"}],"wp:attachment":[{"href":"https:\/\/www.europesays.com\/se\/wp-json\/wp\/v2\/media?parent=83524"}],"wp:term":[{"taxonomy":"category","embeddable":true,"href":"https:\/\/www.europesays.com\/se\/wp-json\/wp\/v2\/categories?post=83524"},{"taxonomy":"post_tag","embeddable":true,"href":"https:\/\/www.europesays.com\/se\/wp-json\/wp\/v2\/tags?post=83524"}],"curies":[{"name":"wp","href":"https:\/\/api.w.org\/{rel}","templated":true}]}}