{"id":83562,"date":"2025-11-18T05:55:08","date_gmt":"2025-11-18T05:55:08","guid":{"rendered":"https:\/\/www.europesays.com\/se\/83562\/"},"modified":"2025-11-18T05:55:08","modified_gmt":"2025-11-18T05:55:08","slug":"apple-slapper-sin-sports-app-i-sverige","status":"publish","type":"post","link":"https:\/\/www.europesays.com\/se\/83562\/","title":{"rendered":"Apple sl\u00e4pper sin Sports-app i Sverige"},"content":{"rendered":"<p>Apple Sports lanserades i februari 2024 och visar resultat, statistik, tabeller och kommande matcher f\u00f6r en rad ligor. Appen uppdateras l\u00f6pande under p\u00e5g\u00e5ende matcher och \u00e4r kostnadsfri att ladda ner.<\/p>\n<p><img decoding=\"async\" data-wp-class--hide=\"state.isContentHidden\" data-wp-class--show=\"state.isContentVisible\" data-wp-init=\"callbacks.setButtonStyles\" data-wp-on-async--click=\"actions.showLightbox\" data-wp-on-async--load=\"callbacks.setButtonStyles\" data-wp-on-async-window--resize=\"callbacks.setButtonStyles\" src=\"https:\/\/www.europesays.com\/se\/wp-content\/uploads\/2025\/11\/Apple-Sports-F1.jpg\" alt=\"Apple Sports F1\" class=\"wp-image-2975182\" style=\"width:688px;height:auto\"  width=\"1200\" height=\"900\"  loading=\"lazy\"\/><\/p>\n<p class=\"imageCredit\">Petter Ahrnstedt<\/p>\n<p>Uppdateringen till version 3.5 inneb\u00e4r att tj\u00e4nsten expanderar geografiskt och blir tillg\u00e4nglig p\u00e5 fler marknader i Europa. Under \u00e5ret har Apple \u00e4ven lagt till st\u00f6d f\u00f6r startsideswidgetar och m\u00f6jligheten att schemal\u00e4gga Live-aktiviteter f\u00f6r matcher som \u00e4nnu inte har startat.<\/p>\n<p>Apple Sports finns \u00e4n s\u00e5 l\u00e4nge endast till Iphone. En version f\u00f6r Ipad och Mac \u00e4r \u00e4nnu inte annonserad.<\/p>\n<p>Du kan ladda <a href=\"https:\/\/apps.apple.com\/se\/app\/apple-sports\/id6446788829%20Apple%C2%A0Sports\" rel=\"noreferrer noopener nofollow\" target=\"_blank\">ned appen h\u00e4r<\/a>.<\/p>\n","protected":false},"excerpt":{"rendered":"Apple Sports lanserades i februari 2024 och visar resultat, statistik, tabeller och kommande matcher f\u00f6r en rad ligor.&hellip;\n","protected":false},"author":2,"featured_media":83563,"comment_status":"","ping_status":"","sticky":false,"template":"","format":"standard","meta":{"footnotes":""},"categories":[66],"tags":[80,78,79,34,31,33,32,30,81,84,83,82],"class_list":{"0":"post-83562","1":"post","2":"type-post","3":"status-publish","4":"format-standard","5":"has-post-thumbnail","7":"category-vetenskap-och-teknik","8":"tag-science","9":"tag-science-and-technology","10":"tag-scienceandtechnology","11":"tag-se","12":"tag-svenska","13":"tag-sverige","14":"tag-sweden","15":"tag-swedish","16":"tag-technology","17":"tag-teknik","18":"tag-vetenskap","19":"tag-vetenskapteknik"},"share_on_mastodon":{"url":"https:\/\/pubeurope.com\/@se\/115569159528797604","error":""},"_links":{"self":[{"href":"https:\/\/www.europesays.com\/se\/wp-json\/wp\/v2\/posts\/83562","targetHints":{"allow":["GET"]}}],"collection":[{"href":"https:\/\/www.europesays.com\/se\/wp-json\/wp\/v2\/posts"}],"about":[{"href":"https:\/\/www.europesays.com\/se\/wp-json\/wp\/v2\/types\/post"}],"author":[{"embeddable":true,"href":"https:\/\/www.europesays.com\/se\/wp-json\/wp\/v2\/users\/2"}],"replies":[{"embeddable":true,"href":"https:\/\/www.europesays.com\/se\/wp-json\/wp\/v2\/comments?post=83562"}],"version-history":[{"count":0,"href":"https:\/\/www.europesays.com\/se\/wp-json\/wp\/v2\/posts\/83562\/revisions"}],"wp:featuredmedia":[{"embeddable":true,"href":"https:\/\/www.europesays.com\/se\/wp-json\/wp\/v2\/media\/83563"}],"wp:attachment":[{"href":"https:\/\/www.europesays.com\/se\/wp-json\/wp\/v2\/media?parent=83562"}],"wp:term":[{"taxonomy":"category","embeddable":true,"href":"https:\/\/www.europesays.com\/se\/wp-json\/wp\/v2\/categories?post=83562"},{"taxonomy":"post_tag","embeddable":true,"href":"https:\/\/www.europesays.com\/se\/wp-json\/wp\/v2\/tags?post=83562"}],"curies":[{"name":"wp","href":"https:\/\/api.w.org\/{rel}","templated":true}]}}