{"id":83611,"date":"2025-11-18T07:02:07","date_gmt":"2025-11-18T07:02:07","guid":{"rendered":"https:\/\/www.europesays.com\/se\/83611\/"},"modified":"2025-11-18T07:02:07","modified_gmt":"2025-11-18T07:02:07","slug":"patient-fick-tva-nya-hander-pa-sodersjukhuset-i-stockholm","status":"publish","type":"post","link":"https:\/\/www.europesays.com\/se\/83611\/","title":{"rendered":"Patient fick tv\u00e5 nya h\u00e4nder p\u00e5 S\u00f6dersjukhuset i Stockholm"},"content":{"rendered":"<p>Publicerad 18 nov 2025 kl 07.05Uppdaterad kl 07.41<\/p>\n<p>En patient som f\u00f6rlorat b\u00e5da h\u00e4nderna har f\u00e5tt nya fr\u00e5n en avliden donator genom en transplantation p\u00e5 S\u00f6dersjukhuset i Stockholm.<\/p>\n<p>Tre m\u00e5nader senare kan han skriva och \u00e4ta med bestick.<\/p>\n<p>\u2013 Nu \u00e4r det fantastiskt att se hur patienten gradvis \u00e5terf\u00e5r funktion i sina nya h\u00e4nder, s\u00e4ger handkirurgen Tobias Laurell i ett pressmeddelande.\u00a0<\/p>\n<p>Senaste nyhetsklippen fr\u00e5n Expressen.<img   alt=\"\"\/><\/p>\n<p>Tre m\u00e5nader efter transplantationen har patienten kunnat b\u00f6rja anv\u00e4nda de nya h\u00e4nderna i vardagen.<\/p>\n<p>Foto: Clas Frohling<\/p>\n<p>\u00d6ppna bild i helsk\u00e4rm<img loading=\"lazy\"   alt=\"\"\/><\/p>\n<p>Transplantationen genomf\u00f6rdes p\u00e5 S\u00f6dersjukhuset i Stockholm.<\/p>\n<p>Foto: JESPER ZERMAN \/ BILDBYR\u00c5N<\/p>\n<p>\u00d6ppna bild i helsk\u00e4rm<\/p>\n<p>Patienten miste sina h\u00e4nder efter en sv\u00e5r infektion f\u00f6r flera \u00e5r sen. L\u00e4karna har st\u00e5tt redo f\u00f6r den dubbla handtransplantationen i \u00f6ver tv\u00e5 \u00e5r men f\u00e5tt v\u00e4nta p\u00e5 en donator med r\u00e4tt blodgrupp, antikroppar, hudf\u00e4rg och storlek p\u00e5 h\u00e4nderna.<\/p>\n<p>F\u00f6r tre m\u00e5nader sen avled en donator d\u00e4r allt st\u00e4mde.\u00a0<\/p>\n<p>Transplantationen p\u00e5gick i 19 timmar och involverade en arbetsgrupp p\u00e5 40 personer fr\u00e5n <a href=\"https:\/\/www.expressen.se\/tagg\/location\/sodersjukhuset\/\" class=\"\" rel=\"nofollow noopener\" target=\"_blank\">S\u00f6dersjukhuset<\/a> och Karolinska universitetssjukhuset.<\/p>\n<p>Nu kan patienten anv\u00e4nda h\u00e4nderna till att skriva och att \u00e4ta med bestick.<\/p>\n<p>\u2013 Nu \u00e4r det fantastiskt att se hur patienten gradvis \u00e5terf\u00e5r funktion i sina nya h\u00e4nder, vilket \u00e4r en process som tar l\u00e5ng tid och kr\u00e4ver omfattande rehabilitering, s\u00e4ger Tobias Laurell, verksamhetschef och handkirurg p\u00e5 S\u00f6dersjukhuset, i ett pressmeddelande.<\/p>\n<p><img loading=\"lazy\"   alt=\"\"\/><\/p>\n<p>H\u00e4nderna beh\u00f6ver daglig stretchning i fingerlederna.<\/p>\n<p>Foto: Clas Frohling<\/p>\n<p>\u00d6ppna bild i helsk\u00e4rmL\u00e5ng rehabilitering<\/p>\n<p>F\u00f6r att patientens kropp inte ska st\u00f6ta bort h\u00e4nderna beh\u00f6vs immunh\u00e4mmande behandling resten av livet.<\/p>\n<p>\u2013 F\u00f6r oss som vanligtvis transplanterar inre organ har det varit fascinerande och annorlunda att kunna se de transplanterade h\u00e4nderna och framstegen f\u00f6r patienten, s\u00e4ger Helena Genberg, \u00f6verl\u00e4kare p\u00e5 ME Transplantation vid Karolinska universitetssjukhuset.<\/p>\n<p>H\u00e4nderna beh\u00f6ver daglig stretchning i fingerlederna och aktiv r\u00f6relse f\u00f6r att l\u00e4ka och fungera s\u00e5 bra som m\u00f6jligt i framtiden. Det tar ett par \u00e5r innan man vet hur slutresultatet blir.<\/p>\n<p>Det h\u00e4r \u00e4r den andra dubbla handtransplantationen i Sverige. Den f\u00f6rsta utf\u00f6rdes p\u00e5 Sahlgrenska universitetssjukhuset i G\u00f6teborg \u00e5r 2020.<\/p>\n<p>S\u00e5 gick transplantationen till<\/p>\n<p> Handkirurgiska kliniken p\u00e5 S\u00f6dersjukhuset \u00e4r ensam specialistklinik f\u00f6r handkirurgisk behandling av skador och sjukdomar inom Region Stockholm och Gotland.<\/p>\n<p> Operationen varade i 19 timmar och involverade en arbetsgrupp p\u00e5 cirka 40 personer fr\u00e5n S\u00f6dersjukhuset och Karolinska universitetssjukhuset.<\/p>\n<p> Patienten har b\u00f6rjat anv\u00e4nda sina nya h\u00e4nder i vardagen, med daglig rehabilitering av arbetsterapeuter och fysioterapeuter.<\/p>\n<p> Transplantationen kr\u00e4vde noggrann matchning av donatorns blodgrupp, antikroppar, hudf\u00e4rg och handstorlek.<\/p>\n<p> Immunh\u00e4mmande behandling \u00e4r n\u00f6dv\u00e4ndig f\u00f6r att f\u00f6rhindra avst\u00f6tning av de transplanterade h\u00e4nderna.<\/p>\n<p>Visa mer<\/p>\n","protected":false},"excerpt":{"rendered":"Publicerad 18 nov 2025 kl 07.05Uppdaterad kl 07.41 En patient som f\u00f6rlorat b\u00e5da h\u00e4nderna har f\u00e5tt nya fr\u00e5n&hellip;\n","protected":false},"author":2,"featured_media":83612,"comment_status":"","ping_status":"","sticky":false,"template":"","format":"standard","meta":{"footnotes":""},"categories":[12],"tags":[22,23,26,27,17,21,24,25,8410,135,28,29,15,16,18,34,154,31,33,32,30,19,688,20],"class_list":{"0":"post-83611","1":"post","2":"type-post","3":"status-publish","4":"format-standard","5":"has-post-thumbnail","7":"category-sverige","8":"tag-breaking-news","9":"tag-breakingnews","10":"tag-featured-news","11":"tag-featurednews","12":"tag-headlines","13":"tag-huvudnyheter","14":"tag-latest-news","15":"tag-latestnews","16":"tag-location-sodersjukhuset","17":"tag-location-stockholm","18":"tag-main-news","19":"tag-mainnews","20":"tag-news","21":"tag-nyheter","22":"tag-rubriker","23":"tag-se","24":"tag-sections-sverige","25":"tag-svenska","26":"tag-sverige","27":"tag-sweden","28":"tag-swedish","29":"tag-top-stories","30":"tag-topic-halsa-sjukvard","31":"tag-topstories"},"share_on_mastodon":{"url":"https:\/\/pubeurope.com\/@se\/115569422775552017","error":""},"_links":{"self":[{"href":"https:\/\/www.europesays.com\/se\/wp-json\/wp\/v2\/posts\/83611","targetHints":{"allow":["GET"]}}],"collection":[{"href":"https:\/\/www.europesays.com\/se\/wp-json\/wp\/v2\/posts"}],"about":[{"href":"https:\/\/www.europesays.com\/se\/wp-json\/wp\/v2\/types\/post"}],"author":[{"embeddable":true,"href":"https:\/\/www.europesays.com\/se\/wp-json\/wp\/v2\/users\/2"}],"replies":[{"embeddable":true,"href":"https:\/\/www.europesays.com\/se\/wp-json\/wp\/v2\/comments?post=83611"}],"version-history":[{"count":0,"href":"https:\/\/www.europesays.com\/se\/wp-json\/wp\/v2\/posts\/83611\/revisions"}],"wp:featuredmedia":[{"embeddable":true,"href":"https:\/\/www.europesays.com\/se\/wp-json\/wp\/v2\/media\/83612"}],"wp:attachment":[{"href":"https:\/\/www.europesays.com\/se\/wp-json\/wp\/v2\/media?parent=83611"}],"wp:term":[{"taxonomy":"category","embeddable":true,"href":"https:\/\/www.europesays.com\/se\/wp-json\/wp\/v2\/categories?post=83611"},{"taxonomy":"post_tag","embeddable":true,"href":"https:\/\/www.europesays.com\/se\/wp-json\/wp\/v2\/tags?post=83611"}],"curies":[{"name":"wp","href":"https:\/\/api.w.org\/{rel}","templated":true}]}}