{"id":83651,"date":"2025-11-18T07:53:07","date_gmt":"2025-11-18T07:53:07","guid":{"rendered":"https:\/\/www.europesays.com\/se\/83651\/"},"modified":"2025-11-18T07:53:07","modified_gmt":"2025-11-18T07:53:07","slug":"ultraprocessad-mat-okar-risken-for-polyper-hos-kvinnor-under-50","status":"publish","type":"post","link":"https:\/\/www.europesays.com\/se\/83651\/","title":{"rendered":"Ultraprocessad mat \u00f6kar risken f\u00f6r polyper hos kvinnor under 50"},"content":{"rendered":"<p>Flera tidigare studier har visat att en h\u00f6g konsumtion av ultraprocessad mat \u00e4r kopplad till en <a href=\"https:\/\/www.frontiersin.org\/journals\/nutrition\/articles\/10.3389\/fnut.2023.1170992\/full\" target=\"_blank\" rel=\"noopener noreferrer nofollow\">\u00f6kad risk f\u00f6r olika typer av cancer<\/a>, inklusive tjock- och \u00e4ndtarmscancer. I en meta-analys framkom att ett h\u00f6gt intag av ultraprocessade livsmedel var signifikant associerat med en \u00f6kad risk f\u00f6r kolorektal cancer i industrialiserade l\u00e4nder.<\/p>\n<p>Den <a href=\"https:\/\/news.harvard.edu\/gazette\/story\/2025\/11\/researchers-link-ultraprocessed-foods-to-precancerous-polyps\/?utm_source=chatgpt.com\" target=\"_blank\" rel=\"noopener noreferrer nofollow\">nya studien<\/a>, som <a href=\"https:\/\/www.washingtonpost.com\/wellness\/2025\/11\/15\/ultra-processed-foods-polyps-colorectal-cancer\/?utm_campaign=wp_the7&amp;utm_medium=email&amp;utm_source=newsletter&amp;carta-url=https%3A%2F%2Fs2.washingtonpost.com%2Fcar-ln-tr%2F45cf398%2F691b0bf02d6e7670ef281e7a%2F690763cba683e657a0812d96%2F66%2F109%2F691b0bf02d6e7670ef281e7a\" target=\"_blank\" rel=\"noopener noreferrer nofollow\">Washington Post<\/a> rapporterat om, tillf\u00f6r ytterligare detaljer genom att rikta in sig p\u00e5 kvinnor under 50 \u00e5r och p\u00e5 polyper snarare \u00e4n enbart diagnostiserade fall.<\/p>\n","protected":false},"excerpt":{"rendered":"Flera tidigare studier har visat att en h\u00f6g konsumtion av ultraprocessad mat \u00e4r kopplad till en \u00f6kad risk&hellip;\n","protected":false},"author":2,"featured_media":83652,"comment_status":"","ping_status":"","sticky":false,"template":"","format":"standard","meta":{"footnotes":""},"categories":[69],"tags":[113,112,34,31,33,32,30],"class_list":{"0":"post-83651","1":"post","2":"type-post","3":"status-publish","4":"format-standard","5":"has-post-thumbnail","7":"category-halsa","8":"tag-halsa","9":"tag-health","10":"tag-se","11":"tag-svenska","12":"tag-sverige","13":"tag-sweden","14":"tag-swedish"},"share_on_mastodon":{"url":"https:\/\/pubeurope.com\/@se\/115569623228684488","error":""},"_links":{"self":[{"href":"https:\/\/www.europesays.com\/se\/wp-json\/wp\/v2\/posts\/83651","targetHints":{"allow":["GET"]}}],"collection":[{"href":"https:\/\/www.europesays.com\/se\/wp-json\/wp\/v2\/posts"}],"about":[{"href":"https:\/\/www.europesays.com\/se\/wp-json\/wp\/v2\/types\/post"}],"author":[{"embeddable":true,"href":"https:\/\/www.europesays.com\/se\/wp-json\/wp\/v2\/users\/2"}],"replies":[{"embeddable":true,"href":"https:\/\/www.europesays.com\/se\/wp-json\/wp\/v2\/comments?post=83651"}],"version-history":[{"count":0,"href":"https:\/\/www.europesays.com\/se\/wp-json\/wp\/v2\/posts\/83651\/revisions"}],"wp:featuredmedia":[{"embeddable":true,"href":"https:\/\/www.europesays.com\/se\/wp-json\/wp\/v2\/media\/83652"}],"wp:attachment":[{"href":"https:\/\/www.europesays.com\/se\/wp-json\/wp\/v2\/media?parent=83651"}],"wp:term":[{"taxonomy":"category","embeddable":true,"href":"https:\/\/www.europesays.com\/se\/wp-json\/wp\/v2\/categories?post=83651"},{"taxonomy":"post_tag","embeddable":true,"href":"https:\/\/www.europesays.com\/se\/wp-json\/wp\/v2\/tags?post=83651"}],"curies":[{"name":"wp","href":"https:\/\/api.w.org\/{rel}","templated":true}]}}