{"id":83675,"date":"2025-11-18T08:24:16","date_gmt":"2025-11-18T08:24:16","guid":{"rendered":"https:\/\/www.europesays.com\/se\/83675\/"},"modified":"2025-11-18T08:24:16","modified_gmt":"2025-11-18T08:24:16","slug":"wikegard-marmenlind-ar-det-ett-jakla-snack-om","status":"publish","type":"post","link":"https:\/\/www.europesays.com\/se\/83675\/","title":{"rendered":"Wikeg\u00e5rd: &#8221;Marmenlind \u00e4r det ett j\u00e4kla snack om&#8221;"},"content":{"rendered":"<p class=\"\">I f\u00f6rra veckan blev det klart att Djurg\u00e5rdens reservm\u00e5lvakt Hugo H\u00e4velid efter en tung h\u00f6st i SHL med fyra f\u00f6rluster p\u00e5 fyra matcher l\u00e5nas ut till allsvenska Nybro.<\/p>\n<p class=\"\">H\u00e4velid vann sin debut med Nybro borta mot S\u00f6dert\u00e4lje, men har sedan tv\u00e5 f\u00f6rluster.<\/p>\n<p class=\"\">N\u00e4r Djurg\u00e5rden m\u00f6tte Lule\u00e5 och Skellefte\u00e5 var det Tyres\u00f6\/Hanviken-m\u00e5lvakten Marcus Br\u00e4nnman som var reserv till m\u00e5lvaktsettan Magnus Hellberg.<\/p>\n<p class=\"\">Men p\u00e5 m\u00e5ndagen var varken Br\u00e4nnman eller H\u00e4velid med Djurg\u00e5rden. Junioren Hugo Severg\u00e5rdh var uppe fr\u00e5n J20-laget och k\u00f6rde med A-laget.<\/p>\n<p class=\"\">\u2013\u00a0Vi har v\u00e5ra duktiga juniorer och s\u00e5 har vi Br\u00e4nnman i Tyres\u00f6\/Hanviken. Det \u00e4r klart att vi har v\u00e5ra \u00f6gon och \u00f6ron \u00f6ppna efter m\u00f6jligheten att hitta n\u00e5n annan ocks\u00e5, s\u00e4ger Djurg\u00e5rdens sportsligt ansvarige Niklas Wikeg\u00e5rd till Hockeynews.<\/p>\n<p>Wikeg\u00e5rd och Due-Boje p\u00e5 plats<\/p>\n<p class=\"\">B\u00e5de Wikeg\u00e5rd och Marcus Due-Boje f\u00f6ljde m\u00e5ndagstr\u00e4ningen p\u00e5 Hovet.<\/p>\n<p class=\"\"><strong>Blir det Severg\u00e5rdh p\u00e5 A-lagstr\u00e4ningen imorgon ocks\u00e5?<\/strong><\/p>\n<p class=\"\">\u2013\u00a0Jag tror det. Br\u00e4nnman ska in och spela matcher och vi vill inte st\u00f6ra det, s\u00e4ger Due-Boje.<\/p>\n<p class=\"\"><strong>Och tanken \u00e4r att H\u00e4velid blir kvar i Nybro tills vidare?<\/strong><\/p>\n<p class=\"\">\u2013 Setupen \u00e4r att han ska spela och bli bekv\u00e4m i den rollen, bli bekv\u00e4m d\u00e4r nere. Visa att han \u00e4r den d\u00e4r duktiga m\u00e5lvakten, s\u00e4ger Wikeg\u00e5rd.<\/p>\n<p class=\"\">\u2013 Har man varit ordinarie i Djurg\u00e5rden i allsvenskan och spelat bra. Man gl\u00f6mmer att han stod 18 raka matcher hos oss f\u00f6rra \u00e5ret. Sedan \u00e4r det som s\u00e5 att \u00e4r man m\u00e5lvakt \u00e4r det en v\u00e4ldigt utsatt position. Ramlar det in n\u00e5t m\u00e5l som man sj\u00e4lv tycker att man ska ta, ja d\u00e5 b\u00f6rjar man att fundera lite grann.<\/p>\n<p><img alt=\"Hugo H\u00e4velid\" loading=\"lazy\" decoding=\"async\" data-nimg=\"fill\" class=\"object-cover\" style=\"position:absolute;height:100%;width:100%;left:0;top:0;right:0;bottom:0;color:transparent\"   src=\"https:\/\/www.europesays.com\/se\/wp-content\/uploads\/2025\/11\/1763454254_171_3MKerJo6EcBZgoRL9I930IVHZC7aP9cCPditUcUf.jpg\"\/>Hugo H\u00e4velid i Djurg\u00e5rdstr\u00f6jorna. <\/p>\n<p class=\"\">Wikeg\u00e5rd forts\u00e4tter:<\/p>\n<p class=\"\">\u2013 Vi kommer att s\u00e4tta honom i en j\u00e4ttebra situation. Det \u00e4r vi skyldiga honom och det \u00e4r vi skyldiga Djurg\u00e5rden ocks\u00e5. Vi forts\u00e4tter att tro p\u00e5 honom precis som vi tror p\u00e5 en utespelare som, vad ska jag s\u00e4ga, tappar sj\u00e4lvf\u00f6rtroendet lite grann. D\u00e5 vill man s\u00e4tta dem i situationer s\u00e5 att de hittar dit igen.<\/p>\n<p class=\"\">Och till\u00e4gger:<\/p>\n<p class=\"\">\u2013 Hugo har minst 15 \u00e5rs bra m\u00e5lvaktsspel framf\u00f6r sig.<\/p>\n<p class=\"\"><a class=\"null text-blue-link\" href=\"https:\/\/hockeynews.se\/nyheter\/avslojar-han-ar-difs-nya-malvakt\" rel=\"nofollow noopener\" target=\"_blank\">Hockeynews ber\u00e4ttade i l\u00f6rdags att det \u00e4r klart att Malm\u00f6s nuvarande tredjem\u00e5lvakt, Daniel Marmenlind, \u00e4r klar f\u00f6r Djurg\u00e5rden<\/a>.<\/p>\n<p class=\"\"><strong>N\u00e4r ramlar Marmenlind in?<\/strong><\/p>\n<p class=\"\">\u2013\u00a0Marmenlind \u00e4r det ett j\u00e4kla snack om. Ja, jag vet inte vad de h\u00e5ller p\u00e5 med d\u00e4r nere i Malm\u00f6, vad de g\u00f6r. Det vet inte jag. Det f\u00e5r du fr\u00e5ga Alsenfelt (Oscar, sportchefen) om. Eller hans agent.<\/p>\n<p>Wikeg\u00e5rd om Daniel Marmenlind<\/p>\n<p class=\"\">Wikeg\u00e5rd f\u00f6rtydligar:<\/p>\n<p class=\"\">\u2013 Vi vet att Marmenlind \u00e4r en gammal Djurg\u00e5rds-J18-spelare och har bra kontakt med Micce (Andr\u00e9asson, Djurg\u00e5rdens m\u00e5lvaktstr\u00e4nare). Men d\u00e4r \u00e4r det mer komplicerat i och med att han (Marmenlind) har kontrakt (med Malm\u00f6) n\u00e4sta \u00e5r. Jag vet inte riktigt vad som h\u00e4nder d\u00e4r.<\/p>\n<p class=\"\">Marmenlind har kontrakt med Malm\u00f6 2026\/2027 precis som Hugo H\u00e4velid har kontrakt med Djurg\u00e5rden 2026\/2027.<\/p>\n<p class=\"\">\u2013 Vi har m\u00e5nga bollar i luften. Marmenlind \u00e4r s\u00e4kert en av dem ocks\u00e5. Absolut inte den enda. I Djurg\u00e5rden, det har f\u00f6ljt med oss r\u00e4tt l\u00e4nge, vi \u00e4r en klubb som f\u00f6rs\u00f6ker vara metodisk och ganska motst\u00e5ndskraftiga till att g\u00f6ra saker snabbt. Vi tar det lugnt s\u00e5 f\u00e5r vi se vad som ramlar ner p\u00e5 bordet, s\u00e4ger Niklas Wikeg\u00e5rd.<\/p>\n<p><a class=\"block my-8\" href=\"https:\/\/hockeynews.se\/hockeynewsguiden\/djurgardens-if\" rel=\"nofollow noopener\" target=\"_blank\"><img alt=\"\" loading=\"lazy\" width=\"1080\" height=\"200\" decoding=\"async\" data-nimg=\"1\" style=\"color:transparent\" src=\"https:\/\/www.europesays.com\/se\/wp-content\/uploads\/2025\/09\/FkvZhfAleyQjbxIl4S6QSI9tnRaRSVIQp3z7qVSO.png\"\/><\/a>Kommentarer TopprankadeSenaste\u00c4ldstaTrendar<\/p>\n<p>Skaffa PLUS f\u00f6r att kommentera<\/p>\n<p>Med en aktiv PLUS-prenumeration kan du kommentera, svara p\u00e5 andra och gilla kommentarer.<\/p>\n<p><a class=\"btn-primary btn-small\" href=\"https:\/\/hockeynews.se\/plus\" rel=\"nofollow noopener\" target=\"_blank\">Skaffa PLUS<\/a><\/p>\n<p>Halva priset p\u00e5 TV4 Play Sport Hockey \u2013 <a class=\"text-yellow underline\" href=\"https:\/\/www.tv4play.se\/kampanj\/hockeynewshockey\" rel=\"nofollow noopener\" target=\"_blank\">f\u00e5 kod med Hockeynews h\u00e4r!<\/a> (Annons)<\/p>\n<p><a class=\"text-yellow underline font-bold\" href=\"https:\/\/hockeynews.se\/app\" rel=\"nofollow noopener\" target=\"_blank\">H\u00e4mta Hockeynews app f\u00f6r iOS och Android<\/a> &#8211; gratis: nyheter, sp\u00e4nnande silly, unik inside, exklusiva intervjuer och matchrapporter fr\u00e5n alla ligor<\/p>\n","protected":false},"excerpt":{"rendered":"I f\u00f6rra veckan blev det klart att Djurg\u00e5rdens reservm\u00e5lvakt Hugo H\u00e4velid efter en tung h\u00f6st i SHL med&hellip;\n","protected":false},"author":2,"featured_media":81567,"comment_status":"","ping_status":"","sticky":false,"template":"","format":"standard","meta":{"footnotes":""},"categories":[5],"tags":[22,23,26,27,17,21,24,25,28,29,15,16,18,34,31,33,32,30,19,20],"class_list":{"0":"post-83675","1":"post","2":"type-post","3":"status-publish","4":"format-standard","5":"has-post-thumbnail","7":"category-rubriker","8":"tag-breaking-news","9":"tag-breakingnews","10":"tag-featured-news","11":"tag-featurednews","12":"tag-headlines","13":"tag-huvudnyheter","14":"tag-latest-news","15":"tag-latestnews","16":"tag-main-news","17":"tag-mainnews","18":"tag-news","19":"tag-nyheter","20":"tag-rubriker","21":"tag-se","22":"tag-svenska","23":"tag-sverige","24":"tag-sweden","25":"tag-swedish","26":"tag-top-stories","27":"tag-topstories"},"share_on_mastodon":{"url":"https:\/\/pubeurope.com\/@se\/115569745315886184","error":""},"_links":{"self":[{"href":"https:\/\/www.europesays.com\/se\/wp-json\/wp\/v2\/posts\/83675","targetHints":{"allow":["GET"]}}],"collection":[{"href":"https:\/\/www.europesays.com\/se\/wp-json\/wp\/v2\/posts"}],"about":[{"href":"https:\/\/www.europesays.com\/se\/wp-json\/wp\/v2\/types\/post"}],"author":[{"embeddable":true,"href":"https:\/\/www.europesays.com\/se\/wp-json\/wp\/v2\/users\/2"}],"replies":[{"embeddable":true,"href":"https:\/\/www.europesays.com\/se\/wp-json\/wp\/v2\/comments?post=83675"}],"version-history":[{"count":0,"href":"https:\/\/www.europesays.com\/se\/wp-json\/wp\/v2\/posts\/83675\/revisions"}],"wp:featuredmedia":[{"embeddable":true,"href":"https:\/\/www.europesays.com\/se\/wp-json\/wp\/v2\/media\/81567"}],"wp:attachment":[{"href":"https:\/\/www.europesays.com\/se\/wp-json\/wp\/v2\/media?parent=83675"}],"wp:term":[{"taxonomy":"category","embeddable":true,"href":"https:\/\/www.europesays.com\/se\/wp-json\/wp\/v2\/categories?post=83675"},{"taxonomy":"post_tag","embeddable":true,"href":"https:\/\/www.europesays.com\/se\/wp-json\/wp\/v2\/tags?post=83675"}],"curies":[{"name":"wp","href":"https:\/\/api.w.org\/{rel}","templated":true}]}}