{"id":83681,"date":"2025-11-18T08:34:08","date_gmt":"2025-11-18T08:34:08","guid":{"rendered":"https:\/\/www.europesays.com\/se\/83681\/"},"modified":"2025-11-18T08:34:08","modified_gmt":"2025-11-18T08:34:08","slug":"klart-daniel-marmenlind-lamnar-malmo-for-djurgarden-shl","status":"publish","type":"post","link":"https:\/\/www.europesays.com\/se\/83681\/","title":{"rendered":"Klart: Daniel Marmenlind l\u00e4mnar Malm\u00f6 f\u00f6r Djurg\u00e5rden | SHL"},"content":{"rendered":"<p>Publicerad 18 nov 2025 kl 09.01Uppdaterad kl 09.33<\/p>\n<p>Efter ungef\u00e4r en veckas f\u00f6rhandling \u00e4r det nu klart.<\/p>\n<p>M\u00e5lvakten Daniel Marmenlind l\u00e4mnar Malm\u00f6, och flyttar till Djurg\u00e5rden, som han skrivit p\u00e5 f\u00f6r resten av denna s\u00e4song.<\/p>\n<p><img   alt=\"\"\/><\/p>\n<p>Daniel Marmenlind \u00e4r klar f\u00f6r Djurg\u00e5rden.<\/p>\n<p>Foto: DANIEL ERIKSSON \/ BILDBYR\u00c5N<\/p>\n<p>\u00d6ppna bild i helsk\u00e4rm<\/p>\n<p>I f\u00f6rra veckan kunde <a href=\"https:\/\/www.expressen.se\/sport\/hockey\/shl\/djurgarden-har-stallt-en-skarp-forfragan-vill-ha-marmenlind\/\" rel=\"nofollow noopener\" target=\"_blank\">Expressen avsl\u00f6ja att m\u00e5lvakten Daniel Marmenlind hade ett skarpt bud fr\u00e5n Djurg\u00e5rden<\/a> i <a href=\"https:\/\/www.expressen.se\/tagg\/organization\/shl\/\" class=\"\" rel=\"nofollow noopener\" target=\"_blank\">SHL<\/a>, sedan Oskar Blomgren kommit tillbaka till Malm\u00f6 och gjort stor succ\u00e9.\u00a0<\/p>\n<p><a href=\"https:\/\/www.expressen.se\/sport\/hockey\/shl\/daniel-marmenlinds-svar-om-djurgarden-far-se-vad-framtiden-utvisar\/\" rel=\"nofollow noopener\" target=\"_blank\">I helgen intensifierades aff\u00e4ren<\/a>, och under m\u00e5ndagen blev allt klart.<\/p>\n<p>Enligt Expressens uppgifter var det lite sm\u00e5saker som beh\u00f6vde l\u00f6sas. Bland annat ville Malm\u00f6 ha en l\u00f6sning p\u00e5 ink\u00f6pt material, som Marmenlind skulle anv\u00e4nda under andra halvan p\u00e5 s\u00e4songen.<\/p>\n<p>Marmenlind klar f\u00f6r resten av s\u00e4songen<\/p>\n<p>Nu \u00e4r aff\u00e4ren klar.<\/p>\n<p>Daniel Marmenlind som hade avtal med Malm\u00f6 till april 2027, \u00e4r l\u00f6st fr\u00e5n avtalet.<\/p>\n<p>Han \u00e4r nu klar f\u00f6r Djurg\u00e5rden f\u00f6r resten av denna s\u00e4song, som d\u00e4rmed kompletterar sin m\u00e5lvaktssida, bredvid Magnus Hellberg med 28-\u00e5ringen fr\u00e5n M\u00e4rsta, som spelade f\u00f6r Djurg\u00e5rdens J18-lag.\u00a0<\/p>\n<p>En trestegsraket mellan Djurg\u00e5rden, Malm\u00f6 och Nybro \u00e4r d\u00e4rmed ocks\u00e5 p\u00e5 plats.\u00a0<\/p>\n<p>Oskar Blomgren \u00e5terv\u00e4nder till Malm\u00f6 fr\u00e5n Nybro.<\/p>\n<p>Hugo H\u00e4velid l\u00e5nas ut till Nybro fr\u00e5n Djurg\u00e5rden.<\/p>\n<p>Daniel Marmenlind g\u00e5r till Djurg\u00e5rden fr\u00e5n Malm\u00f6.<\/p>\n<p>\u2013 Vi \u00e4r v\u00e4ldigt glada \u00f6ver att kunna addera en rutinerad och etablerad m\u00e5lvakt till lagbygget. Daniel \u00e4r en M\u00e4rstakille som vi har god koll p\u00e5 och som har spelat h\u00e4r tidigare. Han \u00e4r en sp\u00e4nnande m\u00e5lvakt, han har ett sp\u00e4nnande cv och han vill verkligen spela f\u00f6r Djurg\u00e5rden, s\u00e4ger klubbens sportsligt ansvarige Niklas Wikeg\u00e5rd i en kommentar.<\/p>\n","protected":false},"excerpt":{"rendered":"Publicerad 18 nov 2025 kl 09.01Uppdaterad kl 09.33 Efter ungef\u00e4r en veckas f\u00f6rhandling \u00e4r det nu klart. M\u00e5lvakten&hellip;\n","protected":false},"author":2,"featured_media":83682,"comment_status":"","ping_status":"","sticky":false,"template":"","format":"standard","meta":{"footnotes":""},"categories":[68],"tags":[814,2735,1179,34,255,823,111,110,31,33,32,30],"class_list":{"0":"post-83681","1":"post","2":"type-post","3":"status-publish","4":"format-standard","5":"has-post-thumbnail","7":"category-sport","8":"tag-organization-djurgarden-hockey","9":"tag-organization-malmo-redhawks","10":"tag-organization-shl","11":"tag-se","12":"tag-sections-ishockey","13":"tag-sections-shl","14":"tag-sport","15":"tag-sports","16":"tag-svenska","17":"tag-sverige","18":"tag-sweden","19":"tag-swedish"},"share_on_mastodon":{"url":"https:\/\/pubeurope.com\/@se\/115569784491749756","error":""},"_links":{"self":[{"href":"https:\/\/www.europesays.com\/se\/wp-json\/wp\/v2\/posts\/83681","targetHints":{"allow":["GET"]}}],"collection":[{"href":"https:\/\/www.europesays.com\/se\/wp-json\/wp\/v2\/posts"}],"about":[{"href":"https:\/\/www.europesays.com\/se\/wp-json\/wp\/v2\/types\/post"}],"author":[{"embeddable":true,"href":"https:\/\/www.europesays.com\/se\/wp-json\/wp\/v2\/users\/2"}],"replies":[{"embeddable":true,"href":"https:\/\/www.europesays.com\/se\/wp-json\/wp\/v2\/comments?post=83681"}],"version-history":[{"count":0,"href":"https:\/\/www.europesays.com\/se\/wp-json\/wp\/v2\/posts\/83681\/revisions"}],"wp:featuredmedia":[{"embeddable":true,"href":"https:\/\/www.europesays.com\/se\/wp-json\/wp\/v2\/media\/83682"}],"wp:attachment":[{"href":"https:\/\/www.europesays.com\/se\/wp-json\/wp\/v2\/media?parent=83681"}],"wp:term":[{"taxonomy":"category","embeddable":true,"href":"https:\/\/www.europesays.com\/se\/wp-json\/wp\/v2\/categories?post=83681"},{"taxonomy":"post_tag","embeddable":true,"href":"https:\/\/www.europesays.com\/se\/wp-json\/wp\/v2\/tags?post=83681"}],"curies":[{"name":"wp","href":"https:\/\/api.w.org\/{rel}","templated":true}]}}