{"id":83762,"date":"2025-11-18T10:07:12","date_gmt":"2025-11-18T10:07:12","guid":{"rendered":"https:\/\/www.europesays.com\/se\/83762\/"},"modified":"2025-11-18T10:07:12","modified_gmt":"2025-11-18T10:07:12","slug":"sony-lanserar-verifiering-av-videoautenticitet-for-nyhetsmedier","status":"publish","type":"post","link":"https:\/\/www.europesays.com\/se\/83762\/","title":{"rendered":"Sony lanserar verifiering av videoautenticitet f\u00f6r nyhetsmedier"},"content":{"rendered":"<p class=\"kicker t20 color_mobile_no_bg_color\" style=\"\">NYHET<\/p>\n<p>    Nu sl\u00e4pper sony m\u00f6jligheten att bekr\u00e4fta \u00e4ktheten i r\u00f6rlig video, skapade med Sonys kameror.<\/p>\n<p>Kamera &amp; Bild har tidigare skrivit om Sonys initiativ till autentisering av stillbilder och dess \u00e4kthet genom tekniken C2PA, med m\u00f6jlighet att verifiera om en bild skapats av AI eller \u00e4ndrats p\u00e5 annat s\u00e4tt f\u00f6r att f\u00f6rvr\u00e4nga \u00e4ktheten.<\/p>\n<p>Ny st\u00e4rker Sony sitt engagemang f\u00f6r \u00e4kthet i videoinneh\u00e5ll genom att utvidga sin<br \/>\nverifieringsteknik till ett bredare sortiment av kameror genom att f\u00f6rse nyhetsorganisationer med en l\u00f6sning f\u00f6r kamera\u00e4kthet som \u00e4r kompatibel med video genom C2PA-standarden. <\/p>\n<p>                <img decoding=\"async\" src=\"https:\/\/www.europesays.com\/se\/wp-content\/uploads\/2025\/11\/1659734.webp\" width=\"480\" height=\"346\" title=\"\" alt=\"\" loading=\"lazy\" style=\"\"\/><\/p>\n<p>                <img decoding=\"async\" src=\"https:\/\/www.europesays.com\/se\/wp-content\/uploads\/2025\/11\/1659738.webp\" width=\"480\" height=\"255\" title=\"\" alt=\"\" loading=\"lazy\" style=\"\"\/><\/p>\n<p>Denna<br \/>\nbetaltj\u00e4nst kommer initialt att erbjudas nyhetsorganisationer och kan verifiera att videoinneh\u00e5llet har tagits med en riktig kamera och inte<br \/>\n<a href=\"https:\/\/www.kamerabild.se\/nyheter\/google-slapper-veo-3-skapar-ai-genererade-videor-fran-text\/1640053\" rel=\"nofollow noopener\" target=\"_blank\">genererats av AI<\/a> eller p\u00e5 annat s\u00e4tt, anv\u00e4nder systemet egenutvecklad metadata,<br \/>\ninklusive 3D-djupinformation fr\u00e5n kameran, f\u00f6r att bekr\u00e4fta att videorna visar verkliga<br \/>\nmotiv. Dessutom m\u00f6jligg\u00f6r en trimingsfunktion snabb verifiering av specifika<br \/>\nvideosegment samtidigt som \u00e4kthetssignaturerna bevaras, vilket g\u00f6r det<br \/>\neffektivt f\u00f6r stora videofiler. <\/p>\n<p>                <img decoding=\"async\" src=\"https:\/\/www.europesays.com\/se\/wp-content\/uploads\/2025\/11\/1659736.webp\" width=\"480\" height=\"298\" title=\"Sony lanserar verifiering av videoautenticitet f\u00f6r nyhetsmedier\" alt=\"\" loading=\"lazy\" style=\"\"\/><\/p>\n<p>F\u00f6r att kunna anv\u00e4nda<br \/>\nsignaturfunktionen i kameror kr\u00e4vs en licens f\u00f6r digital signatur och<br \/>\ninstallation av denna p\u00e5 Sony-kompatibla kameror. Sony kommer att tillhandah\u00e5lla licenser f\u00f6r digital<br \/>\nsignatur f\u00f6r video, som kr\u00e4vs f\u00f6r att kunna anv\u00e4nda kamerans<br \/>\nsignaturfunktion.<\/p>\n<p>Sonys<br \/>\nmolnbaserade samarbetsplattform, Ci Media Cloud, kan nu \u00e4ven visa C2PA-kompatibel<br \/>\ndigital signaturinformation, vilket f\u00f6rb\u00e4ttrar inneh\u00e5llets \u00e4kthet f\u00f6r nyheter.<\/p>\n<p>                <img decoding=\"async\" src=\"https:\/\/www.europesays.com\/se\/wp-content\/uploads\/2025\/11\/1659746.webp\" width=\"480\" height=\"485\" title=\"Sony lanserar verifiering av videoautenticitet f\u00f6r nyhetsmedier\" alt=\"\" loading=\"lazy\" style=\"\"\/><\/p>\n<p>Efter sommarens lanseringen av <a href=\"https:\/\/www.kamerabild.se\/nyheter\/sony-pxw-z300-videokamera-med-stod-for-videoautentisering\/1644996\" class=\"dacBtn bg-btn-color\" rel=\"nofollow noopener\" target=\"_blank\">PXW-Z300<\/a>, v\u00e4rldens f\u00f6rsta kamera f\u00f6r video som \u00e4r redo<br \/>\nf\u00f6r \u00e4kthetskontroll, kommer Sonys A1<br \/>\nII, A9 III, FX3 och FX30 fr\u00e5n och med nu att st\u00f6dja inspelning<br \/>\nav <a href=\"https:\/\/www.kamerabild.se\/nyheter\/sony-adderar-3d-information-for-att-bekrafta-bilders-akthet\/1561044\" rel=\"nofollow noopener\" target=\"_blank\">C2PA-kompatibel information<\/a> direkt i videofiler.\u00a0<\/p>\n<p>Kamerorna A7R V, A7<br \/>\nIV och A1 planeras att st\u00f6djas fr\u00e5n november 2025 eller senare, och A7S III planeras att st\u00f6djas fr\u00e5n 2026 och fram\u00e5t.<\/p>\n<p>        <a itemprop=\"url\" class=\"\" href=\"https:\/\/www.kamerabild.se\/nyheter\/sony-adderar-3d-information-for-att-bekrafta-bilders-akthet\/1561044\" data-k5a-url=\"https:\/\/www.kamerabild.se\/a\/1561044\" rel=\"nofollow noopener\" target=\"_blank\"><\/p>\n<p>            Sony adderar 3D-information f\u00f6r att bekr\u00e4fta bilders \u00e4kthet<\/p>\n<p itemprop=\"description\" class=\"subtitle \" style=\"\">\n    Sony \u00e4r med och utvecklar certifieringen C2PA som ger bekr\u00e4ftar bilders \u00e4kthet b\u00e5de i foto\u00f6gonblicket och genom 3D-information fr\u00e5n bilden.\n<\/p>\n<p>        <\/a><\/p>\n","protected":false},"excerpt":{"rendered":"NYHET Nu sl\u00e4pper sony m\u00f6jligheten att bekr\u00e4fta \u00e4ktheten i r\u00f6rlig video, skapade med Sonys kameror. Kamera &amp; Bild&hellip;\n","protected":false},"author":2,"featured_media":83763,"comment_status":"","ping_status":"","sticky":false,"template":"","format":"standard","meta":{"footnotes":""},"categories":[66],"tags":[80,78,79,34,31,33,32,30,81,84,83,82],"class_list":{"0":"post-83762","1":"post","2":"type-post","3":"status-publish","4":"format-standard","5":"has-post-thumbnail","7":"category-vetenskap-och-teknik","8":"tag-science","9":"tag-science-and-technology","10":"tag-scienceandtechnology","11":"tag-se","12":"tag-svenska","13":"tag-sverige","14":"tag-sweden","15":"tag-swedish","16":"tag-technology","17":"tag-teknik","18":"tag-vetenskap","19":"tag-vetenskapteknik"},"share_on_mastodon":{"url":"https:\/\/pubeurope.com\/@se\/115570150901935964","error":""},"_links":{"self":[{"href":"https:\/\/www.europesays.com\/se\/wp-json\/wp\/v2\/posts\/83762","targetHints":{"allow":["GET"]}}],"collection":[{"href":"https:\/\/www.europesays.com\/se\/wp-json\/wp\/v2\/posts"}],"about":[{"href":"https:\/\/www.europesays.com\/se\/wp-json\/wp\/v2\/types\/post"}],"author":[{"embeddable":true,"href":"https:\/\/www.europesays.com\/se\/wp-json\/wp\/v2\/users\/2"}],"replies":[{"embeddable":true,"href":"https:\/\/www.europesays.com\/se\/wp-json\/wp\/v2\/comments?post=83762"}],"version-history":[{"count":0,"href":"https:\/\/www.europesays.com\/se\/wp-json\/wp\/v2\/posts\/83762\/revisions"}],"wp:featuredmedia":[{"embeddable":true,"href":"https:\/\/www.europesays.com\/se\/wp-json\/wp\/v2\/media\/83763"}],"wp:attachment":[{"href":"https:\/\/www.europesays.com\/se\/wp-json\/wp\/v2\/media?parent=83762"}],"wp:term":[{"taxonomy":"category","embeddable":true,"href":"https:\/\/www.europesays.com\/se\/wp-json\/wp\/v2\/categories?post=83762"},{"taxonomy":"post_tag","embeddable":true,"href":"https:\/\/www.europesays.com\/se\/wp-json\/wp\/v2\/tags?post=83762"}],"curies":[{"name":"wp","href":"https:\/\/api.w.org\/{rel}","templated":true}]}}