{"id":83782,"date":"2025-11-18T10:25:12","date_gmt":"2025-11-18T10:25:12","guid":{"rendered":"https:\/\/www.europesays.com\/se\/83782\/"},"modified":"2025-11-18T10:25:12","modified_gmt":"2025-11-18T10:25:12","slug":"civilminister-erik-slottner-deltar-i-hognivamote-om-den-europeiska-digitala-suveraniteten-i-berlin","status":"publish","type":"post","link":"https:\/\/www.europesays.com\/se\/83782\/","title":{"rendered":"Civilminister Erik Slottner deltar i h\u00f6gniv\u00e5m\u00f6te om den europeiska digitala suver\u00e4niteten i Berlin"},"content":{"rendered":"<p>&#13;<br \/>\nDen 18 november deltar civilminister Erik Slottner i h\u00f6gniv\u00e5m\u00f6tet Summit on European Digital Sovereignty. M\u00f6tet arrangeras av Tyskland och Frankrikes regeringar med syfte att st\u00e4rka det europeiska digitala sj\u00e4lvbest\u00e4mmandet.<\/p>\n<p>H\u00f6gniv\u00e5m\u00f6tet h\u00e5lls med anledning av den senaste tidens globala politiska utveckling, vilket leder till allt st\u00f6rre fokus p\u00e5 europeisk digital suver\u00e4nitet. V\u00e4rdarna f\u00f6r m\u00f6tet planerar f\u00f6r undertecknandet av en deklaration om digital suver\u00e4nitet som \u00d6sterrike har tagit initiativ till. Vid m\u00f6tet kommer Tysklands f\u00f6rbundskansler Friedrich Merz och Frankrikes president Emmanuel Macron att delta.<\/p>\n<p>Fokus under m\u00f6tet ligger bland annat p\u00e5 att vidareutveckla centrala aspekter av en s\u00e4ker och innovationsv\u00e4nlig digital framtid f\u00f6r Europa. Fokus kommer \u00e4ven att ligga p\u00e5 artificiell intelligens, moln- och datafr\u00e5gor samt st\u00f6d till innovativa startup-bolag. Genom att samla politiska beslutsfattare, n\u00e4ringsliv, akademi och civilsamh\u00e4lle skapas en plattform f\u00f6r att utbyta id\u00e9er. Det inneb\u00e4r \u00e4ven en m\u00f6jlighet att identifiera konkreta \u00e5tg\u00e4rder f\u00f6r en s\u00e4ker och konkurrenskraftig digital framtid.<\/p>\n<p>\u2013 Sverige v\u00e4lkomnar initiativet f\u00f6r att st\u00e4rka Europas digitala suver\u00e4nitet. Den digitala ekonomin \u00e4r avg\u00f6rande f\u00f6r v\u00e5r konkurrenskraft, och vi vill att EU blir en starkare akt\u00f6r p\u00e5 det digitala omr\u00e5det. Samtidigt \u00e4r det viktigt att st\u00e4rka motst\u00e5ndskraften utan att st\u00e4nga d\u00f6rren f\u00f6r handel och internationellt samarbete \u2013 \u00f6ppenhet \u00e4r nyckeln till innovation och s\u00e4kerhet, s\u00e4ger civilminister Erik Slottner.<\/p>\n","protected":false},"excerpt":{"rendered":"&#13; Den 18 november deltar civilminister Erik Slottner i h\u00f6gniv\u00e5m\u00f6tet Summit on European Digital Sovereignty. M\u00f6tet arrangeras av&hellip;\n","protected":false},"author":2,"featured_media":67452,"comment_status":"","ping_status":"","sticky":false,"template":"","format":"standard","meta":{"footnotes":""},"categories":[14],"tags":[22,23,26,27,17,21,24,25,28,29,15,16,18,34,31,33,32,30,19,20,51,52,53,54],"class_list":{"0":"post-83782","1":"post","2":"type-post","3":"status-publish","4":"format-standard","5":"has-post-thumbnail","7":"category-varlden","8":"tag-breaking-news","9":"tag-breakingnews","10":"tag-featured-news","11":"tag-featurednews","12":"tag-headlines","13":"tag-huvudnyheter","14":"tag-latest-news","15":"tag-latestnews","16":"tag-main-news","17":"tag-mainnews","18":"tag-news","19":"tag-nyheter","20":"tag-rubriker","21":"tag-se","22":"tag-svenska","23":"tag-sverige","24":"tag-sweden","25":"tag-swedish","26":"tag-top-stories","27":"tag-topstories","28":"tag-varlden","29":"tag-world","30":"tag-world-news","31":"tag-worldnews"},"share_on_mastodon":{"url":"https:\/\/pubeurope.com\/@se\/115570220991112383","error":""},"_links":{"self":[{"href":"https:\/\/www.europesays.com\/se\/wp-json\/wp\/v2\/posts\/83782","targetHints":{"allow":["GET"]}}],"collection":[{"href":"https:\/\/www.europesays.com\/se\/wp-json\/wp\/v2\/posts"}],"about":[{"href":"https:\/\/www.europesays.com\/se\/wp-json\/wp\/v2\/types\/post"}],"author":[{"embeddable":true,"href":"https:\/\/www.europesays.com\/se\/wp-json\/wp\/v2\/users\/2"}],"replies":[{"embeddable":true,"href":"https:\/\/www.europesays.com\/se\/wp-json\/wp\/v2\/comments?post=83782"}],"version-history":[{"count":0,"href":"https:\/\/www.europesays.com\/se\/wp-json\/wp\/v2\/posts\/83782\/revisions"}],"wp:featuredmedia":[{"embeddable":true,"href":"https:\/\/www.europesays.com\/se\/wp-json\/wp\/v2\/media\/67452"}],"wp:attachment":[{"href":"https:\/\/www.europesays.com\/se\/wp-json\/wp\/v2\/media?parent=83782"}],"wp:term":[{"taxonomy":"category","embeddable":true,"href":"https:\/\/www.europesays.com\/se\/wp-json\/wp\/v2\/categories?post=83782"},{"taxonomy":"post_tag","embeddable":true,"href":"https:\/\/www.europesays.com\/se\/wp-json\/wp\/v2\/tags?post=83782"}],"curies":[{"name":"wp","href":"https:\/\/api.w.org\/{rel}","templated":true}]}}