{"id":83822,"date":"2025-11-18T11:04:11","date_gmt":"2025-11-18T11:04:11","guid":{"rendered":"https:\/\/www.europesays.com\/se\/83822\/"},"modified":"2025-11-18T11:04:11","modified_gmt":"2025-11-18T11:04:11","slug":"takida-sangaren-sager-att-misshandeln-var-en-skam","status":"publish","type":"post","link":"https:\/\/www.europesays.com\/se\/83822\/","title":{"rendered":"Takida-s\u00e5ngaren s\u00e4ger att misshandeln var \u201den skam\u201d"},"content":{"rendered":"<p>Robert Pettersson, som \u00e4r s\u00e5ngare i banden Takida och Stiftelsen, d\u00f6mdes f\u00f6r misshandel och ringa narkotikabrott 2024. Han kallar hela h\u00e4ndelsen f\u00f6r \u201den skam\u201d i programmet \u201dP4 Extra \u2013 g\u00e4sten\u201d. <\/p>\n<p>Han ber\u00e4ttar om hur ett m\u00f6te med en person som han menar hade lurat honom p\u00e5 pengar slutade i en misshandel. Han hade \u00e4ven en joint p\u00e5 sig. <\/p>\n<p>\u2013 Jag kan ibland f\u00e5 panikattacker och d\u00e5 \u00e4r det det som g\u00e4ller. Jag vet mycket v\u00e4l att det \u00e4r olagligt men ibland \u00e4r inte lagen r\u00e4ttvis n\u00e4r det handlar om sunt leverne. Det st\u00e5r ringa narkotikabrott, det \u00e4r fruktansv\u00e4rt, det var en \u201djoppe\u201d.<\/p>\n<p>Omni \u00e4r politiskt obundna och oberoende. Vi str\u00e4var efter att ge fler perspektiv p\u00e5 nyheterna. Har du fr\u00e5gor eller synpunkter kring v\u00e5r rapportering? <a href=\"https:\/\/omni.se\/takida-sangaren-sager-att-misshandeln-var-en-skam\/a\/mailto:redaktion@omni.se\" class=\"ArticleActions_contactLink__W2F1M\" rel=\"nofollow noopener\" target=\"_blank\">Kontakta redaktionen<\/a><\/p>\n","protected":false},"excerpt":{"rendered":"Robert Pettersson, som \u00e4r s\u00e5ngare i banden Takida och Stiftelsen, d\u00f6mdes f\u00f6r misshandel och ringa narkotikabrott 2024. Han&hellip;\n","protected":false},"author":2,"featured_media":83823,"comment_status":"","ping_status":"","sticky":false,"template":"","format":"standard","meta":{"footnotes":""},"categories":[67],"tags":[104,172,8460,34,8461,31,33,32,30,8459,105],"class_list":{"0":"post-83822","1":"post","2":"type-post","3":"status-publish","4":"format-standard","5":"has-post-thumbnail","7":"category-underhallning","8":"tag-entertainment","9":"tag-musik","10":"tag-robert-pettersson","11":"tag-se","12":"tag-stiftelsen","13":"tag-svenska","14":"tag-sverige","15":"tag-sweden","16":"tag-swedish","17":"tag-takida","18":"tag-underhallning"},"share_on_mastodon":{"url":"https:\/\/pubeurope.com\/@se\/115570374266607320","error":""},"_links":{"self":[{"href":"https:\/\/www.europesays.com\/se\/wp-json\/wp\/v2\/posts\/83822","targetHints":{"allow":["GET"]}}],"collection":[{"href":"https:\/\/www.europesays.com\/se\/wp-json\/wp\/v2\/posts"}],"about":[{"href":"https:\/\/www.europesays.com\/se\/wp-json\/wp\/v2\/types\/post"}],"author":[{"embeddable":true,"href":"https:\/\/www.europesays.com\/se\/wp-json\/wp\/v2\/users\/2"}],"replies":[{"embeddable":true,"href":"https:\/\/www.europesays.com\/se\/wp-json\/wp\/v2\/comments?post=83822"}],"version-history":[{"count":0,"href":"https:\/\/www.europesays.com\/se\/wp-json\/wp\/v2\/posts\/83822\/revisions"}],"wp:featuredmedia":[{"embeddable":true,"href":"https:\/\/www.europesays.com\/se\/wp-json\/wp\/v2\/media\/83823"}],"wp:attachment":[{"href":"https:\/\/www.europesays.com\/se\/wp-json\/wp\/v2\/media?parent=83822"}],"wp:term":[{"taxonomy":"category","embeddable":true,"href":"https:\/\/www.europesays.com\/se\/wp-json\/wp\/v2\/categories?post=83822"},{"taxonomy":"post_tag","embeddable":true,"href":"https:\/\/www.europesays.com\/se\/wp-json\/wp\/v2\/tags?post=83822"}],"curies":[{"name":"wp","href":"https:\/\/api.w.org\/{rel}","templated":true}]}}