{"id":83832,"date":"2025-11-18T11:16:14","date_gmt":"2025-11-18T11:16:14","guid":{"rendered":"https:\/\/www.europesays.com\/se\/83832\/"},"modified":"2025-11-18T11:16:14","modified_gmt":"2025-11-18T11:16:14","slug":"26-aring-atalas-for-ambulansmordet","status":"publish","type":"post","link":"https:\/\/www.europesays.com\/se\/83832\/","title":{"rendered":"26-\u00e5ring \u00e5talas f\u00f6r ambulansmordet"},"content":{"rendered":"<p class=\"boxtextgrotesk-root_baa6 hyperion-css-7pajle\">Uppdaterad 11.05 | Publicerad 10.17<\/p>\n<p>share-arrowDela<\/p>\n<p>unsaveSpara<\/p>\n<p>expand-left<\/p>\n<p>helsk\u00e4rm<img decoding=\"async\" class=\"image-asset hyperion-css-u06ts1\" data-test-tag=\"image-asset\" src=\"https:\/\/www.europesays.com\/se\/wp-content\/uploads\/2025\/11\/0b7e4f48-53d1-4cbe-97c5-ebae030ffe9e\"  alt=\"Blommor och ljus utanf\u00f6r ambulanssjukv\u00e5rden i Region G\u00e4vleborg i Hudiksvall, dagen efter att en ambulanssjukv\u00e5rdare blivit d\u00f6dad i tj\u00e4nsten i Harm\u00e5nger Nordanstig kommun.\"  loading=\"eager\" fetchpriority=\"high\" style=\"aspect-ratio:1900 \/ 1267\"\/>Blommor och ljus utanf\u00f6r ambulanssjukv\u00e5rden i Region G\u00e4vleborg i Hudiksvall, dagen efter att en ambulanssjukv\u00e5rdare blivit d\u00f6dad i tj\u00e4nsten i Harm\u00e5nger Nordanstig kommun. Foto: Mats Andersson\/TT<\/p>\n<p class=\"hyperion-css-1shl3oz\" data-test-tag=\"lead-text\">En 26-\u00e5rig man \u00e5talas f\u00f6r det uppm\u00e4rksammade mordet p\u00e5 en ambulanssjukv\u00e5rdare i Harm\u00e5nger i h\u00f6stas, rapporterar SVT G\u00e4vleborg.<\/p>\n<p class=\"hyperion-css-1shl3oz\" data-test-tag=\"lead-text\">Han \u00e5talas \u00e4ven f\u00f6r en attack mot en annan ambulanssjukv\u00e5rdare n\u00e5gra dagar tidigare.<\/p>\n<p class=\"hyperion-css-1v9qo5x\">En kvinnlig ambulanssjukv\u00e5rdare i 45-\u00e5rs\u00e5ldern blev \u00f6verfallen och knivhuggen under en utryckning i Harm\u00e5nger i Nordanstig kommun, strax norr om Hudiksvall, i slutet av september. Trots att hon fick livr\u00e4ddande v\u00e5rd p\u00e5 platsen avled hon senare av skadorna.<\/p>\n<p class=\"hyperion-css-1v9qo5x\">Mannen, som greps i sitt hem av polisen, har en historia av v\u00e5ldsamt beteende, ofta i kombination med att ha druckit alkohol.<\/p>\n<p class=\"hyperion-css-1v9qo5x\">26-\u00e5ringen medger h\u00e4ndelsef\u00f6rloppet men h\u00e4vdar att han inte planerade att m\u00f6rda n\u00e5gon. Han har ocks\u00e5 genomg\u00e5tt en mindre r\u00e4ttspsykiatrisk unders\u00f6kning, som visade att han inte var p\u00e5verkad av en allvarlig psykisk st\u00f6rning under d\u00e5det.<\/p>\n<p class=\"hyperion-css-1v9qo5x\">N\u00e5gra dagar f\u00f6re den d\u00f6dliga attacken ska han ha hotat ambulanspersonal med ett basebolltr\u00e4. Han \u00e5talas nu \u00e4ven f\u00f6r den h\u00e4ndelsen.<\/p>\n<p class=\"hyperion-css-1v9qo5x\">Parallellt med brottsutredningen p\u00e5g\u00e5r ocks\u00e5 en utredning om arbetsgivarens arbetsmilj\u00f6ansvar.<\/p>\n<p class=\"hyperion-css-1v9qo5x\">Mordet har startat en debatt om s\u00e4kerheten f\u00f6r ambulanspersonal vid utryckningar, bland annat om att kunna g\u00f6ra s\u00e5 kallad \u201dflaggning\u201d av vissa adresser och personer f\u00f6r att f\u00f6rvarna ambulanspersonalen innan de rycker ut till platser med k\u00e4nda risker f\u00f6r hot eller v\u00e5ld.<\/p>\n","protected":false},"excerpt":{"rendered":"Uppdaterad 11.05 | Publicerad 10.17 share-arrowDela unsaveSpara expand-left helsk\u00e4rmBlommor och ljus utanf\u00f6r ambulanssjukv\u00e5rden i Region G\u00e4vleborg i Hudiksvall,&hellip;\n","protected":false},"author":2,"featured_media":83833,"comment_status":"","ping_status":"","sticky":false,"template":"","format":"standard","meta":{"footnotes":""},"categories":[12],"tags":[22,23,26,27,17,21,24,25,28,29,15,16,18,34,31,33,32,30,19,20],"class_list":{"0":"post-83832","1":"post","2":"type-post","3":"status-publish","4":"format-standard","5":"has-post-thumbnail","7":"category-sverige","8":"tag-breaking-news","9":"tag-breakingnews","10":"tag-featured-news","11":"tag-featurednews","12":"tag-headlines","13":"tag-huvudnyheter","14":"tag-latest-news","15":"tag-latestnews","16":"tag-main-news","17":"tag-mainnews","18":"tag-news","19":"tag-nyheter","20":"tag-rubriker","21":"tag-se","22":"tag-svenska","23":"tag-sverige","24":"tag-sweden","25":"tag-swedish","26":"tag-top-stories","27":"tag-topstories"},"share_on_mastodon":{"url":"https:\/\/pubeurope.com\/@se\/115570421922516801","error":""},"_links":{"self":[{"href":"https:\/\/www.europesays.com\/se\/wp-json\/wp\/v2\/posts\/83832","targetHints":{"allow":["GET"]}}],"collection":[{"href":"https:\/\/www.europesays.com\/se\/wp-json\/wp\/v2\/posts"}],"about":[{"href":"https:\/\/www.europesays.com\/se\/wp-json\/wp\/v2\/types\/post"}],"author":[{"embeddable":true,"href":"https:\/\/www.europesays.com\/se\/wp-json\/wp\/v2\/users\/2"}],"replies":[{"embeddable":true,"href":"https:\/\/www.europesays.com\/se\/wp-json\/wp\/v2\/comments?post=83832"}],"version-history":[{"count":0,"href":"https:\/\/www.europesays.com\/se\/wp-json\/wp\/v2\/posts\/83832\/revisions"}],"wp:featuredmedia":[{"embeddable":true,"href":"https:\/\/www.europesays.com\/se\/wp-json\/wp\/v2\/media\/83833"}],"wp:attachment":[{"href":"https:\/\/www.europesays.com\/se\/wp-json\/wp\/v2\/media?parent=83832"}],"wp:term":[{"taxonomy":"category","embeddable":true,"href":"https:\/\/www.europesays.com\/se\/wp-json\/wp\/v2\/categories?post=83832"},{"taxonomy":"post_tag","embeddable":true,"href":"https:\/\/www.europesays.com\/se\/wp-json\/wp\/v2\/tags?post=83832"}],"curies":[{"name":"wp","href":"https:\/\/api.w.org\/{rel}","templated":true}]}}