{"id":83846,"date":"2025-11-18T11:33:10","date_gmt":"2025-11-18T11:33:10","guid":{"rendered":"https:\/\/www.europesays.com\/se\/83846\/"},"modified":"2025-11-18T11:33:10","modified_gmt":"2025-11-18T11:33:10","slug":"ministern-om-schulman-kakar-chark-varje-dag","status":"publish","type":"post","link":"https:\/\/www.europesays.com\/se\/83846\/","title":{"rendered":"Ministern om Schulman: \u201dK\u00e4kar chark varje dag\u201d"},"content":{"rendered":"<p>Klimatminister Romina Pourmokhtari (L) \u00e4r irriterad p\u00e5 Alex Schulman som i flera kr\u00f6nikor kritiserat henne f\u00f6r att inte ta klimatfr\u00e5gan p\u00e5 allvar.<\/p>\n<p>I en dokument\u00e4r p\u00e5 SVT s\u00e4ger hon att Schulman kritiserar henne samtidigt som han flyger till lyxresorts, \u201dkonsumerar som en tok\u201d och \u201dk\u00e4kar chark varje dag\u201d. <\/p>\n<p>\u2013 Om man d\u00e5 \u00e4r j\u00e4ttebekymrad \u00f6ver klimatet, skriver en arg text om hur hemsk jag \u00e4r, s\u00e5 har jag lite sv\u00e5rt att ta det p\u00e5 allvar, s\u00e4ger hon.<\/p>\n<p>Alex Schulman kommenterar k\u00e4ngan i en story p\u00e5 sin Instagram.<\/p>\n<p>\u201dSer att klimatministern v\u00e4ssar argumenten mot dem som undrar varf\u00f6r Sverige missar samtliga klimatm\u00e5l\u201d, skriver han.<\/p>\n<p>Omni \u00e4r politiskt obundna och oberoende. Vi str\u00e4var efter att ge fler perspektiv p\u00e5 nyheterna. Har du fr\u00e5gor eller synpunkter kring v\u00e5r rapportering? <a href=\"https:\/\/omni.se\/pourmokhtari-kritisk-till-schulman-kakar-chark-varje-dag\/a\/mailto:redaktion@omni.se\" class=\"ArticleActions_contactLink__W2F1M\" rel=\"nofollow noopener\" target=\"_blank\">Kontakta redaktionen<\/a><\/p>\n","protected":false},"excerpt":{"rendered":"Klimatminister Romina Pourmokhtari (L) \u00e4r irriterad p\u00e5 Alex Schulman som i flera kr\u00f6nikor kritiserat henne f\u00f6r att inte&hellip;\n","protected":false},"author":2,"featured_media":83847,"comment_status":"","ping_status":"","sticky":false,"template":"","format":"standard","meta":{"footnotes":""},"categories":[5],"tags":[2951,22,23,26,27,17,21,3389,24,25,639,28,29,15,16,369,3740,18,34,31,33,32,30,19,20],"class_list":{"0":"post-83846","1":"post","2":"type-post","3":"status-publish","4":"format-standard","5":"has-post-thumbnail","7":"category-rubriker","8":"tag-alex-schulman","9":"tag-breaking-news","10":"tag-breakingnews","11":"tag-featured-news","12":"tag-featurednews","13":"tag-headlines","14":"tag-huvudnyheter","15":"tag-klimatpolitik","16":"tag-latest-news","17":"tag-latestnews","18":"tag-liberalerna","19":"tag-main-news","20":"tag-mainnews","21":"tag-news","22":"tag-nyheter","23":"tag-politik","24":"tag-romina-pourmokhtari","25":"tag-rubriker","26":"tag-se","27":"tag-svenska","28":"tag-sverige","29":"tag-sweden","30":"tag-swedish","31":"tag-top-stories","32":"tag-topstories"},"share_on_mastodon":{"url":"https:\/\/pubeurope.com\/@se\/115570488345454199","error":""},"_links":{"self":[{"href":"https:\/\/www.europesays.com\/se\/wp-json\/wp\/v2\/posts\/83846","targetHints":{"allow":["GET"]}}],"collection":[{"href":"https:\/\/www.europesays.com\/se\/wp-json\/wp\/v2\/posts"}],"about":[{"href":"https:\/\/www.europesays.com\/se\/wp-json\/wp\/v2\/types\/post"}],"author":[{"embeddable":true,"href":"https:\/\/www.europesays.com\/se\/wp-json\/wp\/v2\/users\/2"}],"replies":[{"embeddable":true,"href":"https:\/\/www.europesays.com\/se\/wp-json\/wp\/v2\/comments?post=83846"}],"version-history":[{"count":0,"href":"https:\/\/www.europesays.com\/se\/wp-json\/wp\/v2\/posts\/83846\/revisions"}],"wp:featuredmedia":[{"embeddable":true,"href":"https:\/\/www.europesays.com\/se\/wp-json\/wp\/v2\/media\/83847"}],"wp:attachment":[{"href":"https:\/\/www.europesays.com\/se\/wp-json\/wp\/v2\/media?parent=83846"}],"wp:term":[{"taxonomy":"category","embeddable":true,"href":"https:\/\/www.europesays.com\/se\/wp-json\/wp\/v2\/categories?post=83846"},{"taxonomy":"post_tag","embeddable":true,"href":"https:\/\/www.europesays.com\/se\/wp-json\/wp\/v2\/tags?post=83846"}],"curies":[{"name":"wp","href":"https:\/\/api.w.org\/{rel}","templated":true}]}}