{"id":83854,"date":"2025-11-18T11:41:25","date_gmt":"2025-11-18T11:41:25","guid":{"rendered":"https:\/\/www.europesays.com\/se\/83854\/"},"modified":"2025-11-18T11:41:25","modified_gmt":"2025-11-18T11:41:25","slug":"bbc-chefen-ska-bestrida-trumps-stamning","status":"publish","type":"post","link":"https:\/\/www.europesays.com\/se\/83854\/","title":{"rendered":"BBC-chefen: Ska bestrida Trumps st\u00e4mning"},"content":{"rendered":"<p class=\"boxtextgrotesk-root_baa6 hyperion-css-7pajle\">Publicerad 2025-11-17 15.11<\/p>\n<p>share-arrowDela<\/p>\n<p>unsaveSpara<\/p>\n<p>expand-left<\/p>\n<p>helsk\u00e4rm<img decoding=\"async\" class=\"image-asset hyperion-css-u06ts1\" data-test-tag=\"image-asset\" src=\"https:\/\/www.europesays.com\/se\/wp-content\/uploads\/2025\/11\/743cdd43-1f91-404b-992b-d2e2e47ee744\"  alt=\"USA:s president Donald Trump, fotograferad i s\u00f6ndags n\u00e4r han var p\u00e5 v\u00e4g fr\u00e5n Palm Beach i Florida till Vita huset i Washington DC.\"  loading=\"eager\" fetchpriority=\"high\" style=\"aspect-ratio:1900 \/ 1267\"\/>USA:s president Donald Trump, fotograferad i s\u00f6ndags n\u00e4r han var p\u00e5 v\u00e4g fr\u00e5n Palm Beach i Florida till Vita huset i Washington DC. Foto: Manuel Balce Ceneta\/AP\/TT<\/p>\n<p class=\"hyperion-css-1shl3oz\" data-test-tag=\"lead-text\">Det brittiska public servicebolaget BBC:s styrelseordf\u00f6rande Samir Shah s\u00e4ger sig vara fast besluten att bestrida USA:s president Donald Trumps st\u00e4mning.<\/p>\n<p class=\"hyperion-css-1shl3oz\" data-test-tag=\"lead-text\">Saken g\u00e4ller BBC:s redigering av Trumps uppm\u00e4rksammade tal kort f\u00f6re den d\u00f6dliga stormningen av Kapitolium i januari 2021.<\/p>\n<p class=\"hyperion-css-1v9qo5x\">\u201dJag vill vara mycket tydlig \u2013 v\u00e5r inst\u00e4llning har inte f\u00f6r\u00e4ndrats. Det finns ingen grund f\u00f6r ett f\u00f6rtalsm\u00e5l och vi \u00e4r beslutna att bek\u00e4mpa detta\u201d, heter det i ett meddelande fr\u00e5n Shah till BBC:s anst\u00e4llda.<\/p>\n<p class=\"hyperion-css-1v9qo5x\">I l\u00f6rdags sade Trump att st\u00e4mningen p\u00e5 motsvarande n\u00e4stan 50 miljarder kronor ska l\u00e4mnas in i veckan. I onsdags h\u00e4vdade Vita husets pressekreterare Karoline Leavitt att st\u00e4mningen redan hade l\u00e4mnats in, men hans jurister f\u00f6rtydligade dagen d\u00e4rp\u00e5 att s\u00e5 inte var fallet \u2013 \u00e4nnu.<\/p>\n<p class=\"hyperion-css-1v9qo5x\">Stormen kring BBC, som ofta beskrivs som ett av v\u00e4rldens mest trov\u00e4rdiga och respekterade mediebolag, kretsar kring klippningen av Trumps tal i dokument\u00e4ren \u201dPanorama\u201d. Redigeringen, d\u00e4r tv\u00e5 delar av talet klippts ihop, ger intrycket att presidenten direkt uppmanar till v\u00e5ldsamheter inf\u00f6r stormningen av kongressbyggnaden Kapitolium den 6 januari 2021.<\/p>\n<p class=\"hyperion-css-1v9qo5x\">BBC har bett om urs\u00e4kt och h\u00f6ga chefer har avg\u00e5tt. Presidenten sade i f\u00f6rra veckan att han \u201dtror att han m\u00e5ste\u201d st\u00e4mma mediebolaget d\u00e5 de erk\u00e4nt att de fuskade.<\/p>\n<p class=\"hyperion-css-1v9qo5x\">\u2013 De \u00e4ndrade faktiskt i mitt 6 januari-tal, som var ett vackert tal, ett mycket lugnande tal, och de fick det att l\u00e5ta radikalt, sade han i f\u00f6rra veckan till Fox News.<\/p>\n","protected":false},"excerpt":{"rendered":"Publicerad 2025-11-17 15.11 share-arrowDela unsaveSpara expand-left helsk\u00e4rmUSA:s president Donald Trump, fotograferad i s\u00f6ndags n\u00e4r han var p\u00e5 v\u00e4g&hellip;\n","protected":false},"author":2,"featured_media":83855,"comment_status":"","ping_status":"","sticky":false,"template":"","format":"standard","meta":{"footnotes":""},"categories":[5],"tags":[22,23,26,27,17,21,24,25,28,29,15,16,18,34,31,33,32,30,19,20],"class_list":{"0":"post-83854","1":"post","2":"type-post","3":"status-publish","4":"format-standard","5":"has-post-thumbnail","7":"category-rubriker","8":"tag-breaking-news","9":"tag-breakingnews","10":"tag-featured-news","11":"tag-featurednews","12":"tag-headlines","13":"tag-huvudnyheter","14":"tag-latest-news","15":"tag-latestnews","16":"tag-main-news","17":"tag-mainnews","18":"tag-news","19":"tag-nyheter","20":"tag-rubriker","21":"tag-se","22":"tag-svenska","23":"tag-sverige","24":"tag-sweden","25":"tag-swedish","26":"tag-top-stories","27":"tag-topstories"},"share_on_mastodon":{"url":"https:\/\/pubeurope.com\/@se\/115570519929803104","error":""},"_links":{"self":[{"href":"https:\/\/www.europesays.com\/se\/wp-json\/wp\/v2\/posts\/83854","targetHints":{"allow":["GET"]}}],"collection":[{"href":"https:\/\/www.europesays.com\/se\/wp-json\/wp\/v2\/posts"}],"about":[{"href":"https:\/\/www.europesays.com\/se\/wp-json\/wp\/v2\/types\/post"}],"author":[{"embeddable":true,"href":"https:\/\/www.europesays.com\/se\/wp-json\/wp\/v2\/users\/2"}],"replies":[{"embeddable":true,"href":"https:\/\/www.europesays.com\/se\/wp-json\/wp\/v2\/comments?post=83854"}],"version-history":[{"count":0,"href":"https:\/\/www.europesays.com\/se\/wp-json\/wp\/v2\/posts\/83854\/revisions"}],"wp:featuredmedia":[{"embeddable":true,"href":"https:\/\/www.europesays.com\/se\/wp-json\/wp\/v2\/media\/83855"}],"wp:attachment":[{"href":"https:\/\/www.europesays.com\/se\/wp-json\/wp\/v2\/media?parent=83854"}],"wp:term":[{"taxonomy":"category","embeddable":true,"href":"https:\/\/www.europesays.com\/se\/wp-json\/wp\/v2\/categories?post=83854"},{"taxonomy":"post_tag","embeddable":true,"href":"https:\/\/www.europesays.com\/se\/wp-json\/wp\/v2\/tags?post=83854"}],"curies":[{"name":"wp","href":"https:\/\/api.w.org\/{rel}","templated":true}]}}