{"id":83862,"date":"2025-11-18T11:49:28","date_gmt":"2025-11-18T11:49:28","guid":{"rendered":"https:\/\/www.europesays.com\/se\/83862\/"},"modified":"2025-11-18T11:49:28","modified_gmt":"2025-11-18T11:49:28","slug":"diplomatiska-krisen-mellan-kina-och-japan-trappas-upp","status":"publish","type":"post","link":"https:\/\/www.europesays.com\/se\/83862\/","title":{"rendered":"Diplomatiska krisen mellan Kina och Japan trappas upp"},"content":{"rendered":"<p>Upprinnelsen till dispyten \u00e4r uttalanden fr\u00e5n Sanae Takaichi om Taiwan. Hon sade i f\u00f6rra veckan att v\u00e4pnade attacker mot Taiwan skulle kunna motivera Japan till att skicka styrkor f\u00f6r att st\u00f6dja \u00f6n enligt s\u00e5 kallat \u201dkollektivt sj\u00e4lvf\u00f6rsvar\u201d. <\/p>\n<p>Det ledde i sin tur till att den kinesiske regeringen kallade upp den japanske ambassad\u00f6ren i Beijing till ett samtal och kr\u00e4vde att\u00a0Sanae Takaichi skulle ta tillbaka sitt uttalande.<\/p>\n","protected":false},"excerpt":{"rendered":"Upprinnelsen till dispyten \u00e4r uttalanden fr\u00e5n Sanae Takaichi om Taiwan. Hon sade i f\u00f6rra veckan att v\u00e4pnade attacker&hellip;\n","protected":false},"author":2,"featured_media":83863,"comment_status":"","ping_status":"","sticky":false,"template":"","format":"standard","meta":{"footnotes":""},"categories":[5],"tags":[22,23,26,27,17,21,24,25,28,29,15,16,18,34,31,33,32,30,19,20],"class_list":{"0":"post-83862","1":"post","2":"type-post","3":"status-publish","4":"format-standard","5":"has-post-thumbnail","7":"category-rubriker","8":"tag-breaking-news","9":"tag-breakingnews","10":"tag-featured-news","11":"tag-featurednews","12":"tag-headlines","13":"tag-huvudnyheter","14":"tag-latest-news","15":"tag-latestnews","16":"tag-main-news","17":"tag-mainnews","18":"tag-news","19":"tag-nyheter","20":"tag-rubriker","21":"tag-se","22":"tag-svenska","23":"tag-sverige","24":"tag-sweden","25":"tag-swedish","26":"tag-top-stories","27":"tag-topstories"},"share_on_mastodon":{"url":"https:\/\/pubeurope.com\/@se\/115570551235252880","error":""},"_links":{"self":[{"href":"https:\/\/www.europesays.com\/se\/wp-json\/wp\/v2\/posts\/83862","targetHints":{"allow":["GET"]}}],"collection":[{"href":"https:\/\/www.europesays.com\/se\/wp-json\/wp\/v2\/posts"}],"about":[{"href":"https:\/\/www.europesays.com\/se\/wp-json\/wp\/v2\/types\/post"}],"author":[{"embeddable":true,"href":"https:\/\/www.europesays.com\/se\/wp-json\/wp\/v2\/users\/2"}],"replies":[{"embeddable":true,"href":"https:\/\/www.europesays.com\/se\/wp-json\/wp\/v2\/comments?post=83862"}],"version-history":[{"count":0,"href":"https:\/\/www.europesays.com\/se\/wp-json\/wp\/v2\/posts\/83862\/revisions"}],"wp:featuredmedia":[{"embeddable":true,"href":"https:\/\/www.europesays.com\/se\/wp-json\/wp\/v2\/media\/83863"}],"wp:attachment":[{"href":"https:\/\/www.europesays.com\/se\/wp-json\/wp\/v2\/media?parent=83862"}],"wp:term":[{"taxonomy":"category","embeddable":true,"href":"https:\/\/www.europesays.com\/se\/wp-json\/wp\/v2\/categories?post=83862"},{"taxonomy":"post_tag","embeddable":true,"href":"https:\/\/www.europesays.com\/se\/wp-json\/wp\/v2\/tags?post=83862"}],"curies":[{"name":"wp","href":"https:\/\/api.w.org\/{rel}","templated":true}]}}