{"id":83867,"date":"2025-11-18T12:01:08","date_gmt":"2025-11-18T12:01:08","guid":{"rendered":"https:\/\/www.europesays.com\/se\/83867\/"},"modified":"2025-11-18T12:01:08","modified_gmt":"2025-11-18T12:01:08","slug":"bugg-i-windows-hindrar-installation-av-microsoft-365-appar","status":"publish","type":"post","link":"https:\/\/www.europesays.com\/se\/83867\/","title":{"rendered":"Bugg i Windows hindrar installation av Microsoft 365-appar"},"content":{"rendered":"<p><a href=\"https:\/\/idg.digidip.net\/visit?url=https:\/\/www.bleepingcomputer.com\/news\/microsoft\/microsoft-windows-bug-blocks-microsoft-365-desktop-app-installs\/&amp;currurl=https:\/\/www.pcforalla.se\/article\/2975852\/bugg-i-windows-hindrar-installation-av-microsoft-365-appar.html&amp;ref=8-1-2975852-1-0-0-0-0\" data-type=\"link\" data-id=\"https:\/\/www.bleepingcomputer.com\/news\/microsoft\/microsoft-windows-bug-blocks-microsoft-365-desktop-app-installs\/\" rel=\"nofollow noopener\" data-subtag=\"8-1-2975852-1-0-0-0-0\" data-domain-name=\"bleepingcomputer\" target=\"_blank\">Bleeping Computer<\/a> uppm\u00e4rksammar att det f\u00f6r n\u00e4rvarande kan vara sv\u00e5rt att installera Microsoft 365-appar p\u00e5 datorn, n\u00e5got som beror p\u00e5 en bugg i Windows.<\/p>\n<p>Enligt Microsofts utvecklare \u00e5terfinns buggen i autentiseringskomponenterna och ber\u00f6r version 2507 (Build 19029.20294) och 2508 (Build 19127.20358).<\/p>\n<p>Lyckligtvis kommer en fix att rullas ut inom kort, s\u00e5 om du r\u00e5kat ut f\u00f6r problemen kan du avvakta en dag eller tv\u00e5 och g\u00f6ra ett nytt f\u00f6rs\u00f6k.<\/p>\n<p>I sammanhanget kan n\u00e4mnas att Microsofts utvecklare \u00e4ven f\u00f6rs\u00f6ker l\u00f6sa en annan bugg som hindrar en del anv\u00e4ndare fr\u00e5n att komma \u00e5t vissa Microsoft 365-tj\u00e4nster.<\/p>\n","protected":false},"excerpt":{"rendered":"Bleeping Computer uppm\u00e4rksammar att det f\u00f6r n\u00e4rvarande kan vara sv\u00e5rt att installera Microsoft 365-appar p\u00e5 datorn, n\u00e5got som&hellip;\n","protected":false},"author":2,"featured_media":83868,"comment_status":"","ping_status":"","sticky":false,"template":"","format":"standard","meta":{"footnotes":""},"categories":[66],"tags":[80,78,79,34,31,33,32,30,81,84,83,82],"class_list":{"0":"post-83867","1":"post","2":"type-post","3":"status-publish","4":"format-standard","5":"has-post-thumbnail","7":"category-vetenskap-och-teknik","8":"tag-science","9":"tag-science-and-technology","10":"tag-scienceandtechnology","11":"tag-se","12":"tag-svenska","13":"tag-sverige","14":"tag-sweden","15":"tag-swedish","16":"tag-technology","17":"tag-teknik","18":"tag-vetenskap","19":"tag-vetenskapteknik"},"share_on_mastodon":{"url":"https:\/\/pubeurope.com\/@se\/115570598685022854","error":""},"_links":{"self":[{"href":"https:\/\/www.europesays.com\/se\/wp-json\/wp\/v2\/posts\/83867","targetHints":{"allow":["GET"]}}],"collection":[{"href":"https:\/\/www.europesays.com\/se\/wp-json\/wp\/v2\/posts"}],"about":[{"href":"https:\/\/www.europesays.com\/se\/wp-json\/wp\/v2\/types\/post"}],"author":[{"embeddable":true,"href":"https:\/\/www.europesays.com\/se\/wp-json\/wp\/v2\/users\/2"}],"replies":[{"embeddable":true,"href":"https:\/\/www.europesays.com\/se\/wp-json\/wp\/v2\/comments?post=83867"}],"version-history":[{"count":0,"href":"https:\/\/www.europesays.com\/se\/wp-json\/wp\/v2\/posts\/83867\/revisions"}],"wp:featuredmedia":[{"embeddable":true,"href":"https:\/\/www.europesays.com\/se\/wp-json\/wp\/v2\/media\/83868"}],"wp:attachment":[{"href":"https:\/\/www.europesays.com\/se\/wp-json\/wp\/v2\/media?parent=83867"}],"wp:term":[{"taxonomy":"category","embeddable":true,"href":"https:\/\/www.europesays.com\/se\/wp-json\/wp\/v2\/categories?post=83867"},{"taxonomy":"post_tag","embeddable":true,"href":"https:\/\/www.europesays.com\/se\/wp-json\/wp\/v2\/tags?post=83867"}],"curies":[{"name":"wp","href":"https:\/\/api.w.org\/{rel}","templated":true}]}}