{"id":83895,"date":"2025-11-18T13:01:19","date_gmt":"2025-11-18T13:01:19","guid":{"rendered":"https:\/\/www.europesays.com\/se\/83895\/"},"modified":"2025-11-18T13:01:19","modified_gmt":"2025-11-18T13:01:19","slug":"protester-mot-fico-pa-revolutionens-arsdag","status":"publish","type":"post","link":"https:\/\/www.europesays.com\/se\/83895\/","title":{"rendered":"Protester mot Fico p\u00e5 revolutionens \u00e5rsdag"},"content":{"rendered":"<p>share-arrowDela<\/p>\n<p>unsaveSpara<\/p>\n<p>expand-left<\/p>\n<p>helsk\u00e4rm<img decoding=\"async\" class=\"image-asset hyperion-css-u06ts1\" data-test-tag=\"image-asset\" src=\"https:\/\/www.europesays.com\/se\/wp-content\/uploads\/2025\/11\/8c6d7a3f-f6e3-4777-b5ed-2155d2a838f1\"  alt=\"Demonstranter i Bratislava p\u00e5 m\u00e5ndagen.\"  loading=\"eager\" fetchpriority=\"high\" style=\"aspect-ratio:1900 \/ 1267\"\/>Demonstranter i Bratislava p\u00e5 m\u00e5ndagen. Foto: Jaroslav Novak\/Tasr Via AP\/TT<\/p>\n<p class=\"hyperion-css-1shl3oz\" data-test-tag=\"lead-text\">Tiotusentals m\u00e4nniskor demonstrerade mot Robert Ficos Rysslandstillv\u00e4nda regering i Slovakien p\u00e5 m\u00e5ndagskv\u00e4llen.<\/p>\n<p class=\"hyperion-css-1v9qo5x\">Protesterna planerades in p\u00e5 \u00e5rsdagen f\u00f6r Sammetsrevolutionen, upprinnelsen till att kommuniststyret i det d\u00e5varande Tjeckoslovakien l\u00e4mnade ifr\u00e5n sig makten \u00e5r 1989.<\/p>\n<p class=\"hyperion-css-1v9qo5x\">P\u00e5 Frihetstorget i huvudstaden Bratislava skanderade folkmassan att de har f\u00e5tt nog av premi\u00e4rministern Fico och att han borde avg\u00e5.<\/p>\n<p class=\"hyperion-css-1v9qo5x\">Ficos styre i Slovakien har pr\u00e4glats av polarisering och \u00e5terkommande protester i de st\u00f6rre st\u00e4derna, inte minst d\u00e5 premi\u00e4rministern har motsatt sig st\u00f6d till Ukraina och tr\u00e4ffat Rysslands Vladimir Putin flera g\u00e5nger. H\u00e4rom dagen sade han att de som inte h\u00e5ller med honom i fr\u00e5ga om Ukrainakriget \u201dkan \u00e5ka och strida mot ryssarna sj\u00e4lva\u201d.<\/p>\n<p class=\"hyperion-css-1v9qo5x\">Nyligen fattade Ficos regering ocks\u00e5 beslut om att st\u00e4lla in den nationella h\u00f6gtiden p\u00e5 Sammetsrevolutionens \u00e5rsdag, vilket beskrevs som en spar\u00e5tg\u00e4rd.<\/p>\n<p class=\"hyperion-css-1v9qo5x\">\u2013 Det har inget att g\u00f6ra med ekonomi eller besparingar. Det enda Robert Fico vill s\u00e4ga oss \u00e4r att frihetsh\u00f6gtiden \u00e4r meningsl\u00f6s, att frihet \u00e4r meningsl\u00f6st. Vi v\u00e4rderar frihet och kommer inte l\u00e5ta n\u00e5gon ta den ifr\u00e5n oss, s\u00e4ger oppositionsledaren Michal Simecka.<\/p>\n","protected":false},"excerpt":{"rendered":"share-arrowDela unsaveSpara expand-left helsk\u00e4rmDemonstranter i Bratislava p\u00e5 m\u00e5ndagen. Foto: Jaroslav Novak\/Tasr Via AP\/TT Tiotusentals m\u00e4nniskor demonstrerade mot Robert&hellip;\n","protected":false},"author":2,"featured_media":83896,"comment_status":"","ping_status":"","sticky":false,"template":"","format":"standard","meta":{"footnotes":""},"categories":[5],"tags":[22,23,26,27,17,21,24,25,28,29,15,16,18,34,31,33,32,30,19,20],"class_list":{"0":"post-83895","1":"post","2":"type-post","3":"status-publish","4":"format-standard","5":"has-post-thumbnail","7":"category-rubriker","8":"tag-breaking-news","9":"tag-breakingnews","10":"tag-featured-news","11":"tag-featurednews","12":"tag-headlines","13":"tag-huvudnyheter","14":"tag-latest-news","15":"tag-latestnews","16":"tag-main-news","17":"tag-mainnews","18":"tag-news","19":"tag-nyheter","20":"tag-rubriker","21":"tag-se","22":"tag-svenska","23":"tag-sverige","24":"tag-sweden","25":"tag-swedish","26":"tag-top-stories","27":"tag-topstories"},"share_on_mastodon":{"url":"https:\/\/pubeurope.com\/@se\/115570834499330518","error":""},"_links":{"self":[{"href":"https:\/\/www.europesays.com\/se\/wp-json\/wp\/v2\/posts\/83895","targetHints":{"allow":["GET"]}}],"collection":[{"href":"https:\/\/www.europesays.com\/se\/wp-json\/wp\/v2\/posts"}],"about":[{"href":"https:\/\/www.europesays.com\/se\/wp-json\/wp\/v2\/types\/post"}],"author":[{"embeddable":true,"href":"https:\/\/www.europesays.com\/se\/wp-json\/wp\/v2\/users\/2"}],"replies":[{"embeddable":true,"href":"https:\/\/www.europesays.com\/se\/wp-json\/wp\/v2\/comments?post=83895"}],"version-history":[{"count":0,"href":"https:\/\/www.europesays.com\/se\/wp-json\/wp\/v2\/posts\/83895\/revisions"}],"wp:featuredmedia":[{"embeddable":true,"href":"https:\/\/www.europesays.com\/se\/wp-json\/wp\/v2\/media\/83896"}],"wp:attachment":[{"href":"https:\/\/www.europesays.com\/se\/wp-json\/wp\/v2\/media?parent=83895"}],"wp:term":[{"taxonomy":"category","embeddable":true,"href":"https:\/\/www.europesays.com\/se\/wp-json\/wp\/v2\/categories?post=83895"},{"taxonomy":"post_tag","embeddable":true,"href":"https:\/\/www.europesays.com\/se\/wp-json\/wp\/v2\/tags?post=83895"}],"curies":[{"name":"wp","href":"https:\/\/api.w.org\/{rel}","templated":true}]}}