{"id":83904,"date":"2025-11-18T13:15:14","date_gmt":"2025-11-18T13:15:14","guid":{"rendered":"https:\/\/www.europesays.com\/se\/83904\/"},"modified":"2025-11-18T13:15:14","modified_gmt":"2025-11-18T13:15:14","slug":"verklig-digital-suveranitet-handlar-om-digital-handlingsfrihet","status":"publish","type":"post","link":"https:\/\/www.europesays.com\/se\/83904\/","title":{"rendered":"\u201dVerklig digital suver\u00e4nitet handlar om digital handlingsfrihet\u201d"},"content":{"rendered":"<p>En f\u00e4rsk Red Hat-unders\u00f6kning visar att 70 procent av svenska it-ledare ser digital suver\u00e4nitet som en prioritet under 2026. Samtidigt uppger 82 procent att virtualisering \u00e4r en central satsning och 78 procent prioriterar hybrid- eller multicloudl\u00f6sningar, tydliga signaler om att flexibilitet och motst\u00e5ndskraft st\u00e5r h\u00f6gt p\u00e5 agendan.<\/p>\n<p>N\u00e4r beroendet blir en risk<\/p>\n<p>Vi har sett flera exempel p\u00e5 vad som h\u00e4nder n\u00e4r beroendet av enskilda akt\u00f6rer blir f\u00f6r stort. I Europa tvingades exempelvis Amsterdam Trade Bank st\u00e4nga verksamheten n\u00e4r sanktioner mot dess ryska moderbolag gjorde att molnleverant\u00f6rer \u00f6ver en natt avbr\u00f6t kritiska tj\u00e4nster som e-post och k\u00e4rnsystem. Banken hade f\u00f6ljt alla regler men saknade en plan B f\u00f6r att snabbt flytta data och funktioner till alternativa leverant\u00f6rer, ett tydligt exempel p\u00e5 hur beroendet av enskilda akt\u00f6rer kan sl\u00e5 ut en hel verksamhet.<\/p>\n<p>Ocks\u00e5 i Sverige finns l\u00e4rdomar att h\u00e4mta. Vid presentationen av regeringens nya molnpolicy pekade civilminister Erik Slottner p\u00e5 risken f\u00f6r leverant\u00f6rsl\u00e5sning och sv\u00e5righeten f\u00f6r offentlig sektor att byta leverant\u00f6r n\u00e4r villkor f\u00f6r\u00e4ndras. Det inneb\u00e4r inte bara en risk f\u00f6r verksamhetens kontinuitet utan \u00e4ven f\u00f6r kostnadskontrollen, eftersom leverant\u00f6ren kan diktera priss\u00e4ttning och villkor utan att kunden har realistiska alternativ.<\/p>\n<p>Vi kan inte l\u00e5ta digitaliseringens framg\u00e5ngar bli v\u00e5r akillesh\u00e4l.<\/p>\n<p>AI och kompetens \u2013 m\u00f6jlighet och utmaning<\/p>\n<p>Samma unders\u00f6kning visar att 77 procent av svenska it-ledare redan ser Sverige som en AI-makt i EMEA. Samtidigt pekar 74 procent p\u00e5 bristande AI-kompetens som ett hinder. Den st\u00f6rsta klyftan? Att utbilda verksamheten i hur AI ska anv\u00e4ndas, n\u00e5got 57 procent lyfter fram som avg\u00f6rande.<\/p>\n<p>Tidigt i AI-resan trots h\u00f6ga ambitioner<\/p>\n<p>Trots den starka tron p\u00e5 Sveriges AI-roll visar unders\u00f6kningen att vi fortfarande befinner oss tidigt i resan. En tredjedel av organisationerna \u00e4r \u00e4nnu i en utforskande fas och endast 12 procent uppger att de maximerar v\u00e4rdet av sina AI-investeringar, medan s\u00e5 lite som 1 procent redan driver konkret kundv\u00e4rde med tekniken. Det betyder att ambitionerna \u00e4r h\u00f6ga men att verkligheten pr\u00e4glas av tidiga experiment och testb\u00e4ddar snarare \u00e4n fullskalig till\u00e4mpning. H\u00e4r kr\u00e4vs ett fokuserat arbete f\u00f6r att \u00f6verbrygga gapet mellan vision och verklighet.<\/p>\n<p>\u00d6ppen k\u00e4llkod som strategiskt verktyg<\/p>\n<p>F\u00f6r att bygga verklig autonomi kr\u00e4vs tekniska och organisatoriska beslut som m\u00f6jligg\u00f6r kontroll. \u00d6ppen k\u00e4llkod \u00e4r ett av de starkaste verktygen.<\/p>\n<p>99 procent av svenska it-ledare i unders\u00f6kningen anser att \u00f6ppen k\u00e4llkod \u00e4r avg\u00f6rande f\u00f6r digital suver\u00e4nitet \u2013 och samtliga ser den som kritisk f\u00f6r s\u00e4kerhet. Med \u00f6ppen k\u00e4llkod kan vi undvika inl\u00e5sning, \u00f6ka transparensen och snabbt anpassa oss till f\u00f6r\u00e4ndrade villkor. Det \u00e4r centralt i en tid n\u00e4r 80 procent av organisationerna prioriterar kostnadsoptimering och tekniska beslut direkt p\u00e5verkar aff\u00e4ren.<\/p>\n<p><strong>Fyra steg f\u00f6r att st\u00e4rka Sveriges digitala handlingsfrihet:<\/strong><\/p>\n<ul class=\"wp-block-list\">\n<li>Kombinera molnmodeller \u2013 balansera publika och privata moln f\u00f6r att minska beroendet av enskilda leverant\u00f6rer.<\/li>\n<li>Satsa p\u00e5 \u00f6ppen k\u00e4llkod \u2013 f\u00f6r transparens, portabilitet och flexibilitet.<\/li>\n<li>Planera f\u00f6r exit \u2013 bygg in m\u00f6jligheten att snabbt flytta data och byta system.<\/li>\n<li>Utveckla svensk och europeisk AI \u2013 st\u00e4rk kompetens, etik och oberoende fr\u00e5n enskilda leverant\u00f6rer.<\/li>\n<\/ul>\n<p>P\u00e5 Red Hat ser vi dagligen hur \u00f6ppen k\u00e4llkod kan oms\u00e4ttas i konkret handlingsfrihet f\u00f6r b\u00e5de offentlig sektor och n\u00e4ringsliv. Genom att arbeta i \u00f6ppna ekosystem kan organisationer b\u00e5de minska beroenden och accelerera innovation. V\u00e5r erfarenhet \u00e4r att de mest framg\u00e5ngsrika akt\u00f6rerna kombinerar teknikval med kultur och kompetensutveckling, och det \u00e4r h\u00e4r Sverige har m\u00f6jlighet att g\u00e5 i t\u00e4ten.<\/p>\n<p>Kostnadsfritt nyhetsbrev<\/p>\n<p>\nF\u00e5 den senaste uppdateringarna direkt i inkorgen.<\/p>\n<p>Digital autonomi \u00e4r mer \u00e4n en it-fr\u00e5ga, det \u00e4r en strategisk investering i Sveriges digitala motst\u00e5ndskraft, innovationskraft och sj\u00e4lvbest\u00e4mmande. Om vi vill att Sverige ska f\u00f6rbli en ledande digital ekonomi \u00e4ven \u00e5r 2030 \u00e4r det nu vi m\u00e5ste agera. Med \u00f6ppen k\u00e4llkod som grund kan vi tillsammans bygga den digitala handlingsfrihet som Sverige beh\u00f6ver.<\/p>\n<p><strong>Fredrick Ericsson \u00e4r chef f\u00f6r Red Hat i Sverige<\/strong><\/p>\n<p>\npublicerad 18 november 2025<\/p>\n<p>\nav<\/p>\n<p>Fredrick Ericsson, Red Hat\t\t\t\t\t\t\t\t\t\t\t\t\t\t\t\t\t\t\t\t\t\t\t\t\t\t\t\t\t\t\t\t\t\t\t\t\t\t\t<\/p>\n","protected":false},"excerpt":{"rendered":"En f\u00e4rsk Red Hat-unders\u00f6kning visar att 70 procent av svenska it-ledare ser digital suver\u00e4nitet som en prioritet under&hellip;\n","protected":false},"author":2,"featured_media":83905,"comment_status":"","ping_status":"","sticky":false,"template":"","format":"standard","meta":{"footnotes":""},"categories":[14],"tags":[3695,22,23,8463,26,27,17,21,3696,8464,24,25,28,29,15,16,3697,18,3698,34,31,33,32,30,19,20,51,52,53,54],"class_list":{"0":"post-83904","1":"post","2":"type-post","3":"status-publish","4":"format-standard","5":"has-post-thumbnail","7":"category-varlden","8":"tag-branschen","9":"tag-breaking-news","10":"tag-breakingnews","11":"tag-digitalisering","12":"tag-featured-news","13":"tag-featurednews","14":"tag-headlines","15":"tag-huvudnyheter","16":"tag-industry","17":"tag-kronika","18":"tag-latest-news","19":"tag-latestnews","20":"tag-main-news","21":"tag-mainnews","22":"tag-news","23":"tag-nyheter","24":"tag-professional","25":"tag-rubriker","26":"tag-sakerhet","27":"tag-se","28":"tag-svenska","29":"tag-sverige","30":"tag-sweden","31":"tag-swedish","32":"tag-top-stories","33":"tag-topstories","34":"tag-varlden","35":"tag-world","36":"tag-world-news","37":"tag-worldnews"},"share_on_mastodon":{"url":"https:\/\/pubeurope.com\/@se\/115570889462411000","error":""},"_links":{"self":[{"href":"https:\/\/www.europesays.com\/se\/wp-json\/wp\/v2\/posts\/83904","targetHints":{"allow":["GET"]}}],"collection":[{"href":"https:\/\/www.europesays.com\/se\/wp-json\/wp\/v2\/posts"}],"about":[{"href":"https:\/\/www.europesays.com\/se\/wp-json\/wp\/v2\/types\/post"}],"author":[{"embeddable":true,"href":"https:\/\/www.europesays.com\/se\/wp-json\/wp\/v2\/users\/2"}],"replies":[{"embeddable":true,"href":"https:\/\/www.europesays.com\/se\/wp-json\/wp\/v2\/comments?post=83904"}],"version-history":[{"count":0,"href":"https:\/\/www.europesays.com\/se\/wp-json\/wp\/v2\/posts\/83904\/revisions"}],"wp:featuredmedia":[{"embeddable":true,"href":"https:\/\/www.europesays.com\/se\/wp-json\/wp\/v2\/media\/83905"}],"wp:attachment":[{"href":"https:\/\/www.europesays.com\/se\/wp-json\/wp\/v2\/media?parent=83904"}],"wp:term":[{"taxonomy":"category","embeddable":true,"href":"https:\/\/www.europesays.com\/se\/wp-json\/wp\/v2\/categories?post=83904"},{"taxonomy":"post_tag","embeddable":true,"href":"https:\/\/www.europesays.com\/se\/wp-json\/wp\/v2\/tags?post=83904"}],"curies":[{"name":"wp","href":"https:\/\/api.w.org\/{rel}","templated":true}]}}