{"id":83942,"date":"2025-11-18T14:07:07","date_gmt":"2025-11-18T14:07:07","guid":{"rendered":"https:\/\/www.europesays.com\/se\/83942\/"},"modified":"2025-11-18T14:07:07","modified_gmt":"2025-11-18T14:07:07","slug":"fler-kommer-att-fa-hjartinfarkt-kristianstadsbladet","status":"publish","type":"post","link":"https:\/\/www.europesays.com\/se\/83942\/","title":{"rendered":"\u201dFler kommer att f\u00e5 hj\u00e4rtinfarkt\u201d \u2013 Kristianstadsbladet"},"content":{"rendered":"<p>Det blir en m\u00e5nadsavgift f\u00f6r s\u00e5 kallade snarkmaskiner, CPAP. <\/p>\n<p>Apn\u00e9f\u00f6reningen Syd befarar att flera patienter nu kommer sluta anv\u00e4nda sig av dessa.<\/p>\n<p>\u2013 D\u00e5 blir det dyrare f\u00f6r v\u00e5rden i andra \u00e4nden. Fler kommer att drabbas av allvarliga sjukdomar, som hj\u00e4rtinfarkter, s\u00e4ger ordf\u00f6randen Kent Rickbo.<\/p>\n<p>Regionstyrelsen beslutade under onsdagen att g\u00e5 vidare till fullm\u00e4ktige med f\u00f6rslaget om att inf\u00f6ra en m\u00e5nadsavgift om 75 kronor p\u00e5 CPAP-maskiner. Anledningen \u00e4r att regionen d\u00e4r hittat ett s\u00e4tt att <a class=\"article__content-link\" href=\"https:\/\/www.kristianstadsbladet.se\/kristianstad\/regionen-hojer-hyran-for-somnapne-maskin-rimligt\/\" rel=\"nofollow noopener\" target=\"_blank\">f\u00e5 in pengar f\u00f6r att f\u00e5 hj\u00e4lpmedelsn\u00e4mndens budget att g\u00e5 ihop<\/a>. Det v\u00e4ntas ge 25 miljoner i int\u00e4kter. Omkring 27\u00a0000 CPAP-apparater \u00e4r utdelade till sk\u00e5nska patienter. Marknadspris f\u00f6r s\u00e5dana maskiner till privatpersoner \u00e4r fr\u00e5n cirka 7\u00a0000 kronor och upp\u00e5t.<\/p>\n<p>Tekniskt fel<\/p>\n<p class=\"message__text txt-ui txt-ui-2\">V\u00e4nligen f\u00f6rs\u00f6k igen senare.<\/p>\n<p>Den h\u00e4r artikeln \u00e4r bara f\u00f6r prenumeranter<\/p>\n<p class=\"txt-body txt-body-1\">Om du redan \u00e4r prenumerant: logga in!<\/p>\n","protected":false},"excerpt":{"rendered":"Det blir en m\u00e5nadsavgift f\u00f6r s\u00e5 kallade snarkmaskiner, CPAP. Apn\u00e9f\u00f6reningen Syd befarar att flera patienter nu kommer sluta&hellip;\n","protected":false},"author":2,"featured_media":83943,"comment_status":"","ping_status":"","sticky":false,"template":"","format":"standard","meta":{"footnotes":""},"categories":[69],"tags":[113,112,34,31,33,32,30],"class_list":{"0":"post-83942","1":"post","2":"type-post","3":"status-publish","4":"format-standard","5":"has-post-thumbnail","7":"category-halsa","8":"tag-halsa","9":"tag-health","10":"tag-se","11":"tag-svenska","12":"tag-sverige","13":"tag-sweden","14":"tag-swedish"},"share_on_mastodon":{"url":"https:\/\/pubeurope.com\/@se\/115571093846037173","error":""},"_links":{"self":[{"href":"https:\/\/www.europesays.com\/se\/wp-json\/wp\/v2\/posts\/83942","targetHints":{"allow":["GET"]}}],"collection":[{"href":"https:\/\/www.europesays.com\/se\/wp-json\/wp\/v2\/posts"}],"about":[{"href":"https:\/\/www.europesays.com\/se\/wp-json\/wp\/v2\/types\/post"}],"author":[{"embeddable":true,"href":"https:\/\/www.europesays.com\/se\/wp-json\/wp\/v2\/users\/2"}],"replies":[{"embeddable":true,"href":"https:\/\/www.europesays.com\/se\/wp-json\/wp\/v2\/comments?post=83942"}],"version-history":[{"count":0,"href":"https:\/\/www.europesays.com\/se\/wp-json\/wp\/v2\/posts\/83942\/revisions"}],"wp:featuredmedia":[{"embeddable":true,"href":"https:\/\/www.europesays.com\/se\/wp-json\/wp\/v2\/media\/83943"}],"wp:attachment":[{"href":"https:\/\/www.europesays.com\/se\/wp-json\/wp\/v2\/media?parent=83942"}],"wp:term":[{"taxonomy":"category","embeddable":true,"href":"https:\/\/www.europesays.com\/se\/wp-json\/wp\/v2\/categories?post=83942"},{"taxonomy":"post_tag","embeddable":true,"href":"https:\/\/www.europesays.com\/se\/wp-json\/wp\/v2\/tags?post=83942"}],"curies":[{"name":"wp","href":"https:\/\/api.w.org\/{rel}","templated":true}]}}