{"id":83947,"date":"2025-11-18T14:15:11","date_gmt":"2025-11-18T14:15:11","guid":{"rendered":"https:\/\/www.europesays.com\/se\/83947\/"},"modified":"2025-11-18T14:15:11","modified_gmt":"2025-11-18T14:15:11","slug":"stroke-och-dodsfall-av-stroke-drabbar-farre-lakartidningen","status":"publish","type":"post","link":"https:\/\/www.europesays.com\/se\/83947\/","title":{"rendered":"Stroke och d\u00f6dsfall av stroke drabbar f\u00e4rre \u2013 L\u00e4kartidningen"},"content":{"rendered":"<p>F\u00e4rre svenskar drabbades av stroke f\u00f6rra \u00e5ret, j\u00e4mf\u00f6rt med \u00e5ret innan. \u00c4ven d\u00f6dligheten minskar, enligt f\u00e4rsk statistik fr\u00e5n Socialstyrelsen. Om man tar h\u00e4nsyn till b\u00e5de befolknings\u00f6kning och f\u00f6r\u00e4ndringar i \u00e5ldersstrukturen har b\u00e5de antalet strokefall och antalet d\u00f6dsfall till f\u00f6ljd av stroke halverats sedan b\u00f6rjan av 2000-talet, skriver myndigheten. <\/p>\n<p>\u2013 Att b\u00e5de insjuknande och d\u00f6dlighet forts\u00e4tter minska visar att l\u00e5ngsiktigt f\u00f6rebyggande arbete och f\u00f6rb\u00e4ttrad v\u00e5rd ger resultat, s\u00e4ger Anastasia Simi, utredare p\u00e5 Socialstyrelsen, i ett <a href=\"https:\/\/www.socialstyrelsen.se\/om-socialstyrelsen\/pressrum\/press\/farre-drabbas-och-dor-av-stroke\/\" data-type=\"link\" data-id=\"https:\/\/www.socialstyrelsen.se\/om-socialstyrelsen\/pressrum\/press\/farre-drabbas-och-dor-av-stroke\/\" rel=\"nofollow noopener\" target=\"_blank\">uttalande<\/a>.<\/p>\n<p>\n\t\tAnnons\t\t\t<\/p>\n<p>\t\t<a href=\"https:\/\/dw250ad2fwsz1.cloudfront.net\/962a1cfe-f9f4-4134-8c11-1f2de1c4386d\/b962078a-9622-4493-a818-5a2672b6af6a\/b962078a-9622-4493-a818-5a2672b6af6a_source__v.pdf\" data-ad-target=\"link\" class=\"Ad-content\" rel=\"sponsored nofollow noopener\" target=\"_blank\"><\/p>\n<p>\t\t\t\t<img alt=\"Annons\" class=\"MediaWrapper-content Ad-image\" src=\"https:\/\/media.arto.se\/app\/uploads\/sites\/11\/2025\/11\/13161128\/pp-tr-se-0196-se-mounjaro-web-banners-1404x720-v1.gif?auto=format&amp;q=50&amp;w=468&amp;h=240\" data-lazy-load-target=\"content\" width=\"468\" height=\"240\" loading=\"lazy\" decoding=\"async\" fetchpriority=\"auto\"\/><\/p>\n<p>\t\t<\/a><\/p>\n<p>F\u00f6rra \u00e5ret registrerades omkring 26 000 strokefall, vilket \u00e4r ungef\u00e4r 400 f\u00e4rre \u00e4n 2023. 5 200 personer dog av stroke f\u00f6rra \u00e5ret, n\u00e4stan 300 f\u00e4rre \u00e4n \u00e5ret dessf\u00f6rinnan. Statistiken visar ocks\u00e5 att merparten av alla strokefall drabbar personer \u00f6ver 70 \u00e5r och att de socioekonomiska skillnaderna \u00e4r stora. <\/p>\n","protected":false},"excerpt":{"rendered":"F\u00e4rre svenskar drabbades av stroke f\u00f6rra \u00e5ret, j\u00e4mf\u00f6rt med \u00e5ret innan. \u00c4ven d\u00f6dligheten minskar, enligt f\u00e4rsk statistik fr\u00e5n&hellip;\n","protected":false},"author":2,"featured_media":83948,"comment_status":"","ping_status":"","sticky":false,"template":"","format":"standard","meta":{"footnotes":""},"categories":[69],"tags":[113,112,34,31,33,32,30],"class_list":{"0":"post-83947","1":"post","2":"type-post","3":"status-publish","4":"format-standard","5":"has-post-thumbnail","7":"category-halsa","8":"tag-halsa","9":"tag-health","10":"tag-se","11":"tag-svenska","12":"tag-sverige","13":"tag-sweden","14":"tag-swedish"},"share_on_mastodon":{"url":"https:\/\/pubeurope.com\/@se\/115571125491692657","error":""},"_links":{"self":[{"href":"https:\/\/www.europesays.com\/se\/wp-json\/wp\/v2\/posts\/83947","targetHints":{"allow":["GET"]}}],"collection":[{"href":"https:\/\/www.europesays.com\/se\/wp-json\/wp\/v2\/posts"}],"about":[{"href":"https:\/\/www.europesays.com\/se\/wp-json\/wp\/v2\/types\/post"}],"author":[{"embeddable":true,"href":"https:\/\/www.europesays.com\/se\/wp-json\/wp\/v2\/users\/2"}],"replies":[{"embeddable":true,"href":"https:\/\/www.europesays.com\/se\/wp-json\/wp\/v2\/comments?post=83947"}],"version-history":[{"count":0,"href":"https:\/\/www.europesays.com\/se\/wp-json\/wp\/v2\/posts\/83947\/revisions"}],"wp:featuredmedia":[{"embeddable":true,"href":"https:\/\/www.europesays.com\/se\/wp-json\/wp\/v2\/media\/83948"}],"wp:attachment":[{"href":"https:\/\/www.europesays.com\/se\/wp-json\/wp\/v2\/media?parent=83947"}],"wp:term":[{"taxonomy":"category","embeddable":true,"href":"https:\/\/www.europesays.com\/se\/wp-json\/wp\/v2\/categories?post=83947"},{"taxonomy":"post_tag","embeddable":true,"href":"https:\/\/www.europesays.com\/se\/wp-json\/wp\/v2\/tags?post=83947"}],"curies":[{"name":"wp","href":"https:\/\/api.w.org\/{rel}","templated":true}]}}