{"id":83953,"date":"2025-11-18T14:22:47","date_gmt":"2025-11-18T14:22:47","guid":{"rendered":"https:\/\/www.europesays.com\/se\/83953\/"},"modified":"2025-11-18T14:22:47","modified_gmt":"2025-11-18T14:22:47","slug":"sa-sag-det-ut-i-jonkoping-1995-nar-snosmockan-slog-till-jonkopings-posten-2","status":"publish","type":"post","link":"https:\/\/www.europesays.com\/se\/83953\/","title":{"rendered":"S\u00e5 s\u00e5g det ut i J\u00f6nk\u00f6ping 1995 n\u00e4r sn\u00f6smockan slog till \u2013 J\u00f6nk\u00f6pings-Posten"},"content":{"rendered":"<p>Idag \u00e4r det 30 \u00e5r sedan V\u00e4tterbygden drabbades av ett rej\u00e4lt sn\u00f6kaos d\u00e4r J\u00f6nk\u00f6pingsborna sattes p\u00e5 prov. Insn\u00f6ade hus, str\u00f6mavbrott och nedbl\u00e5sta tr\u00e4d \u00f6ver v\u00e4gar. Skolor st\u00e4ngdes och det var m\u00e5nga som inte ens kunde ta sig till sina arbeten eftersom buss och t\u00e5g st\u00e4lldes in. Bilister hade i stort sett ingen chans att ta sig fram p\u00e5 igensn\u00f6ade v\u00e4gar. Den h\u00e5rda vinden gjorde att r\u00f6jda v\u00e4gar snart var lika t\u00e4ckta med sn\u00f6drivor som innan.<\/p>\n<p>Fredagen den 17 november 1995 \u00e4r en dag som m\u00e5nga minns starkt \u00e4n idag.  <\/p>\n<p>H\u00e4r ser du en bildserie d\u00e4r h\u00e4ndelsen dokumenterades av JP:s fotografer.<\/p>\n","protected":false},"excerpt":{"rendered":"Idag \u00e4r det 30 \u00e5r sedan V\u00e4tterbygden drabbades av ett rej\u00e4lt sn\u00f6kaos d\u00e4r J\u00f6nk\u00f6pingsborna sattes p\u00e5 prov. Insn\u00f6ade&hellip;\n","protected":false},"author":2,"featured_media":83661,"comment_status":"","ping_status":"","sticky":false,"template":"","format":"standard","meta":{"footnotes":""},"categories":[5],"tags":[22,23,26,27,17,21,24,25,28,29,15,16,18,34,31,33,32,30,19,20],"class_list":{"0":"post-83953","1":"post","2":"type-post","3":"status-publish","4":"format-standard","5":"has-post-thumbnail","7":"category-rubriker","8":"tag-breaking-news","9":"tag-breakingnews","10":"tag-featured-news","11":"tag-featurednews","12":"tag-headlines","13":"tag-huvudnyheter","14":"tag-latest-news","15":"tag-latestnews","16":"tag-main-news","17":"tag-mainnews","18":"tag-news","19":"tag-nyheter","20":"tag-rubriker","21":"tag-se","22":"tag-svenska","23":"tag-sverige","24":"tag-sweden","25":"tag-swedish","26":"tag-top-stories","27":"tag-topstories"},"share_on_mastodon":{"url":"https:\/\/pubeurope.com\/@se\/115571156696381578","error":""},"_links":{"self":[{"href":"https:\/\/www.europesays.com\/se\/wp-json\/wp\/v2\/posts\/83953","targetHints":{"allow":["GET"]}}],"collection":[{"href":"https:\/\/www.europesays.com\/se\/wp-json\/wp\/v2\/posts"}],"about":[{"href":"https:\/\/www.europesays.com\/se\/wp-json\/wp\/v2\/types\/post"}],"author":[{"embeddable":true,"href":"https:\/\/www.europesays.com\/se\/wp-json\/wp\/v2\/users\/2"}],"replies":[{"embeddable":true,"href":"https:\/\/www.europesays.com\/se\/wp-json\/wp\/v2\/comments?post=83953"}],"version-history":[{"count":0,"href":"https:\/\/www.europesays.com\/se\/wp-json\/wp\/v2\/posts\/83953\/revisions"}],"wp:featuredmedia":[{"embeddable":true,"href":"https:\/\/www.europesays.com\/se\/wp-json\/wp\/v2\/media\/83661"}],"wp:attachment":[{"href":"https:\/\/www.europesays.com\/se\/wp-json\/wp\/v2\/media?parent=83953"}],"wp:term":[{"taxonomy":"category","embeddable":true,"href":"https:\/\/www.europesays.com\/se\/wp-json\/wp\/v2\/categories?post=83953"},{"taxonomy":"post_tag","embeddable":true,"href":"https:\/\/www.europesays.com\/se\/wp-json\/wp\/v2\/tags?post=83953"}],"curies":[{"name":"wp","href":"https:\/\/api.w.org\/{rel}","templated":true}]}}