{"id":83975,"date":"2025-11-18T14:56:15","date_gmt":"2025-11-18T14:56:15","guid":{"rendered":"https:\/\/www.europesays.com\/se\/83975\/"},"modified":"2025-11-18T14:56:15","modified_gmt":"2025-11-18T14:56:15","slug":"nathan-shachar-bin-salmans-besok-hos-trump-en-rora","status":"publish","type":"post","link":"https:\/\/www.europesays.com\/se\/83975\/","title":{"rendered":"Nathan Shachar: Bin Salmans bes\u00f6k hos Trump en r\u00f6ra"},"content":{"rendered":"<p>Detta \u00e4r en kommenterande text. Skribenten svarar f\u00f6r analys och st\u00e4llningstaganden i texten.<\/p>\n<p>P\u00e5 tisdagseftermiddagen svensk tid h\u00e5lls en pampig v\u00e4lkomstceremoni f\u00f6r den saudiske kronprinsen bin Salman, d\u00e4refter \u00f6verl\u00e4ggningar i Vita huset och sedan galamiddag.<\/p>\n<p>Muhammad bin Salman kommer till Washington med en diger \u00f6nskelista. Han vill ha stridsflygplan, en atomreaktor och en f\u00f6rsvarsallians. I geng\u00e4ld har han lovat investera minst 600 miljarder dollar, kanske mer, i USA.<\/p>\n<p>\u2013 Jag \u00e4lskar Muhammad bin Salman, jag \u00e4lskar honom alldeles f\u00f6r mycket! utbrast Trump under sitt f\u00f6rra bes\u00f6k i Saudiarabien.<\/p>\n<p><strong>Den k\u00e4rleken \u00e4r besvarad:<\/strong> Donald Trump har goda int\u00e4kter fr\u00e5n Trump Plaza och Trump Tower i saudiska Jedda, och snart ocks\u00e5 fr\u00e5n en golfbana i Riyadh. Det \u00e4r inte k\u00e4nt hur dessa projekt finansierats, men av allt att d\u00f6ma har Trump framf\u00f6r allt bidragit med sitt varum\u00e4rke, inte med pengar.<\/p>\n<blockquote class=\"ds-quote\">\n<p>    Inte bara presidenten, utan ocks\u00e5 hans Mellan\u00f6stern-r\u00e5dgivare och sv\u00e4rson Jared Kushner, har sk\u00e4mts bort av Riyadh.\n  <\/p><\/blockquote>\n<p>Inte bara presidenten, utan ocks\u00e5 hans Mellan\u00f6stern-r\u00e5dgivare och sv\u00e4rson Jared Kushner, har sk\u00e4mts bort av Riyadh. Kushners investeringsfond Affinity fick i v\u00e5ras tv\u00e5 miljarder dollar av saudierna. B\u00e5de Kushner och Trump och Mellan\u00f6stern-medlaren Steve Witkoff har liknande riskfria men lukrativa aff\u00e4rer p\u00e5 g\u00e5ng ocks\u00e5 i Qatar och i Arabemiraten.<\/p>\n<p><strong>I f\u00e5 fungerande demokratier<\/strong> skulle beslutsfattare med s\u00e5 uppenbara intressekonflikter kunna blanda ihop utrikespolitik och aff\u00e4rsverksamhet p\u00e5 detta vis utan \u00e5tg\u00e4rder fr\u00e5n kontrollerande myndigheter. En moloken f\u00f6re detta israelisk diplomat sade nyligen i ett samtal med DN:<\/p>\n<p>\u2013 Vad kan vi s\u00e4tta emot det? F\u00f6rr handlade USA:s politik i v\u00e5r region om geopolitik och statsintresse. D\u00e5 hade vi m\u00f6jlighet att p\u00e5verka. Men nu handlar det om hotell och golfbanor och investeringar, och d\u00e4r st\u00e5r vi oss sl\u00e4tt.<\/p>\n<p><strong>Det Trump vill ha ut<\/strong> av kronprinsens bes\u00f6k \u00e4r framf\u00f6r allt att Saudiarabien skall erk\u00e4nna Israel och ge presidentens Mellan\u00f6stern-vision en skjuts fram\u00e5t. Israel och Saudiarabien har sedan l\u00e4nge hemliga relationer p\u00e5 flera omr\u00e5den. Men familjen Saud, som s\u00f6ker en ledarroll inom den sunnimuslimska v\u00e4rlden, har hittills inte v\u00e5gat knyta diplomatiska f\u00f6rbindelser med Israel utan ett l\u00f6fte om en framtida palestinsk stat.<\/p>\n<p>Ocks\u00e5 inrikespolitiskt \u00e4r detta en viktig fr\u00e5ga. Kungarikets unga och v\u00e4xande befolkning \u00e4r mycket engagerad i palestiniernas \u00f6de, och ett svek mot dem fr\u00e5n kungafamiljens sida skulle kosta den folkligt st\u00f6d.<\/p>\n","protected":false},"excerpt":{"rendered":"Detta \u00e4r en kommenterande text. Skribenten svarar f\u00f6r analys och st\u00e4llningstaganden i texten. P\u00e5 tisdagseftermiddagen svensk tid h\u00e5lls&hellip;\n","protected":false},"author":2,"featured_media":83976,"comment_status":"","ping_status":"","sticky":false,"template":"","format":"standard","meta":{"footnotes":""},"categories":[5],"tags":[22,23,26,27,17,21,24,25,28,29,15,16,18,34,31,33,32,30,19,20],"class_list":{"0":"post-83975","1":"post","2":"type-post","3":"status-publish","4":"format-standard","5":"has-post-thumbnail","7":"category-rubriker","8":"tag-breaking-news","9":"tag-breakingnews","10":"tag-featured-news","11":"tag-featurednews","12":"tag-headlines","13":"tag-huvudnyheter","14":"tag-latest-news","15":"tag-latestnews","16":"tag-main-news","17":"tag-mainnews","18":"tag-news","19":"tag-nyheter","20":"tag-rubriker","21":"tag-se","22":"tag-svenska","23":"tag-sverige","24":"tag-sweden","25":"tag-swedish","26":"tag-top-stories","27":"tag-topstories"},"share_on_mastodon":{"url":"https:\/\/pubeurope.com\/@se\/115571286551118635","error":""},"_links":{"self":[{"href":"https:\/\/www.europesays.com\/se\/wp-json\/wp\/v2\/posts\/83975","targetHints":{"allow":["GET"]}}],"collection":[{"href":"https:\/\/www.europesays.com\/se\/wp-json\/wp\/v2\/posts"}],"about":[{"href":"https:\/\/www.europesays.com\/se\/wp-json\/wp\/v2\/types\/post"}],"author":[{"embeddable":true,"href":"https:\/\/www.europesays.com\/se\/wp-json\/wp\/v2\/users\/2"}],"replies":[{"embeddable":true,"href":"https:\/\/www.europesays.com\/se\/wp-json\/wp\/v2\/comments?post=83975"}],"version-history":[{"count":0,"href":"https:\/\/www.europesays.com\/se\/wp-json\/wp\/v2\/posts\/83975\/revisions"}],"wp:featuredmedia":[{"embeddable":true,"href":"https:\/\/www.europesays.com\/se\/wp-json\/wp\/v2\/media\/83976"}],"wp:attachment":[{"href":"https:\/\/www.europesays.com\/se\/wp-json\/wp\/v2\/media?parent=83975"}],"wp:term":[{"taxonomy":"category","embeddable":true,"href":"https:\/\/www.europesays.com\/se\/wp-json\/wp\/v2\/categories?post=83975"},{"taxonomy":"post_tag","embeddable":true,"href":"https:\/\/www.europesays.com\/se\/wp-json\/wp\/v2\/tags?post=83975"}],"curies":[{"name":"wp","href":"https:\/\/api.w.org\/{rel}","templated":true}]}}