{"id":83977,"date":"2025-11-18T14:58:15","date_gmt":"2025-11-18T14:58:15","guid":{"rendered":"https:\/\/www.europesays.com\/se\/83977\/"},"modified":"2025-11-18T14:58:15","modified_gmt":"2025-11-18T14:58:15","slug":"hockeypanelen-om-ssk-fiaskot-farjestads-sasong-och-vad-som-talar-for-leksand-shl","status":"publish","type":"post","link":"https:\/\/www.europesays.com\/se\/83977\/","title":{"rendered":"Hockeypanelen om SSK-fiaskot, F\u00e4rjestads s\u00e4song och vad som talar f\u00f6r Leksand | SHL"},"content":{"rendered":"<p>Publicerad 17 nov 2025 kl 15.26Uppdaterad 18 nov kl 15.54<\/p>\n<p>PremiumDet kryllar av snackisar runtom i hockey-Sverige.<\/p>\n<p>Expressens hockeypanel tittar denna g\u00e5ng n\u00e4rmare p\u00e5&#8230;<\/p>\n<p>\u2713 SSK-fiaskot \u2013 s\u00e5 m\u00e5ste man agera nu\u00a0<\/p>\n<p>\u2713 Vad h\u00e4nder i F\u00e4rjestad? \u201dHur coachar de egentligen?\u201d<\/p>\n<p>\u2713 Varningsklockorna ringer i \u00d6rebro\u00a0<\/p>\n<p>\u2713 D\u00e4rf\u00f6r \u00e4r Leksand i skiten \u2013 liknelserna med 2017\u00a0<\/p>\n<p>\u2713 Spelarna i SHL som sportcheferna borde f\u00f6rl\u00e4nga med<\/p>\n<p><img   alt=\"\"\/>\u00d6ppna bild i helsk\u00e4rm<\/p>\n","protected":false},"excerpt":{"rendered":"Publicerad 17 nov 2025 kl 15.26Uppdaterad 18 nov kl 15.54 PremiumDet kryllar av snackisar runtom i hockey-Sverige. Expressens&hellip;\n","protected":false},"author":2,"featured_media":83978,"comment_status":"","ping_status":"","sticky":false,"template":"","format":"standard","meta":{"footnotes":""},"categories":[68],"tags":[2939,1014,1179,1013,103,34,255,823,111,110,31,33,32,30],"class_list":{"0":"post-83977","1":"post","2":"type-post","3":"status-publish","4":"format-standard","5":"has-post-thumbnail","7":"category-sport","8":"tag-organization-farjestad-bk","9":"tag-organization-leksands-if","10":"tag-organization-shl","11":"tag-organization-sodertalje-sk","12":"tag-premium","13":"tag-se","14":"tag-sections-ishockey","15":"tag-sections-shl","16":"tag-sport","17":"tag-sports","18":"tag-svenska","19":"tag-sverige","20":"tag-sweden","21":"tag-swedish"},"share_on_mastodon":{"url":"https:\/\/pubeurope.com\/@se\/115571294527387551","error":""},"_links":{"self":[{"href":"https:\/\/www.europesays.com\/se\/wp-json\/wp\/v2\/posts\/83977","targetHints":{"allow":["GET"]}}],"collection":[{"href":"https:\/\/www.europesays.com\/se\/wp-json\/wp\/v2\/posts"}],"about":[{"href":"https:\/\/www.europesays.com\/se\/wp-json\/wp\/v2\/types\/post"}],"author":[{"embeddable":true,"href":"https:\/\/www.europesays.com\/se\/wp-json\/wp\/v2\/users\/2"}],"replies":[{"embeddable":true,"href":"https:\/\/www.europesays.com\/se\/wp-json\/wp\/v2\/comments?post=83977"}],"version-history":[{"count":0,"href":"https:\/\/www.europesays.com\/se\/wp-json\/wp\/v2\/posts\/83977\/revisions"}],"wp:featuredmedia":[{"embeddable":true,"href":"https:\/\/www.europesays.com\/se\/wp-json\/wp\/v2\/media\/83978"}],"wp:attachment":[{"href":"https:\/\/www.europesays.com\/se\/wp-json\/wp\/v2\/media?parent=83977"}],"wp:term":[{"taxonomy":"category","embeddable":true,"href":"https:\/\/www.europesays.com\/se\/wp-json\/wp\/v2\/categories?post=83977"},{"taxonomy":"post_tag","embeddable":true,"href":"https:\/\/www.europesays.com\/se\/wp-json\/wp\/v2\/tags?post=83977"}],"curies":[{"name":"wp","href":"https:\/\/api.w.org\/{rel}","templated":true}]}}