{"id":83981,"date":"2025-11-18T15:04:34","date_gmt":"2025-11-18T15:04:34","guid":{"rendered":"https:\/\/www.europesays.com\/se\/83981\/"},"modified":"2025-11-18T15:04:34","modified_gmt":"2025-11-18T15:04:34","slug":"rutschkana-aterkallas-efter-dodsolyckan-i-umea-expressen","status":"publish","type":"post","link":"https:\/\/www.europesays.com\/se\/83981\/","title":{"rendered":"Rutschkana \u00e5terkallas efter d\u00f6dsolyckan i Ume\u00e5 &#8211; Expressen"},"content":{"rendered":"<ol>\n<li><a href=\"https:\/\/news.google.com\/rss\/articles\/CBMilwFBVV95cUxOQkVWNk54SHJBSHlCa0hOTUx0UHg3VHhhU2MxVE12dUpycGtpZW1XSFdlZjEwTFowNjNFc2Z3Tnc4THBiZm44TllFdmNPSlVUSmF2ZVl0OHFJRHNqRjdsQlA4UmhucGt3Ukc4N0Rxbkd5LWljTkRxMzRpX2poNm9TVzN2SlF6dWFJYWNwdGlfTE52TWdVcVN3?oc=5\" target=\"_blank\" rel=\"nofollow noopener\">Rutschkana \u00e5terkallas efter d\u00f6dsolyckan i Ume\u00e5<\/a>&nbsp;&nbsp;Expressen<\/li>\n<li><a href=\"https:\/\/news.google.com\/rss\/articles\/CBMilgFBVV95cUxNY2lfd3FjcjBHRzRKUkVYWUNZSVdxMzMxaFo0VHIzT0dEZkc3SWd2MXBYN2MwdnppNTV3bFJaWXJ0WWZZSUszdWdNMWxwa2Rsbm45N2VlMWViaVduNGVjWExKNXB6ZjZEdFhpWHIxLTc2aXNueXdpV0NCMEtFRzJHd2JUdThBazNMY0NuZDF6c2NfSFp0RFE?oc=5\" target=\"_blank\" rel=\"nofollow noopener\">Efter d\u00f6dsolyckan \u2013 HAGS \u00e5terkallar rutschkana<\/a>&nbsp;&nbsp;SVT Nyheter<\/li>\n<li><a href=\"https:\/\/news.google.com\/rss\/articles\/CBMiigFBVV95cUxNV29XSDQxbWtJbTZhdjl6aFhhcFdkVFEyWTdnQlNWX21ZYnJMUG1jOTFuQXd4Q2syUVV6UkVoV0JsbThhd1lRRDhsUXB6cG5sa1NZejR2b0N0Mlh2RDJNcVVuWHZrZlJiQ3MxVUJLSF9fWWV0OVJaaHNCRVJmc1dXZGFpUEoxN0laUGc?oc=5\" target=\"_blank\" rel=\"nofollow noopener\">Rutschbana \u00e5terkallas efter d\u00f6dsolycka<\/a>&nbsp;&nbsp;Aftonbladet<\/li>\n<li><a href=\"https:\/\/news.google.com\/rss\/articles\/CBMilAFBVV95cUxPV2dwYkc0OFFVUk1RNHhJcWI5ZXdRaHU4c2pXZjdzeE5ERDM4aGs5alFaWEpjcUxxZ2V1SEsxSVU5M25BYkh4azlkbE1xSy1RV2dJRUtZcEU4Uk1ZOF9jTmVjY3BBLURtcnZ0bWhVTTlFaFFJcU42M0puV0RhVmdpSW1IeEJEYmhMeVRIUjE2NkNDcmFE?oc=5\" target=\"_blank\" rel=\"nofollow noopener\">Rutschkanor \u00e5terkallas efter d\u00f6dsolyckan p\u00e5 f\u00f6rskolan<\/a>&nbsp;&nbsp;Sveriges Radio<\/li>\n<li><a href=\"https:\/\/news.google.com\/rss\/articles\/CBMiuAFBVV95cUxNUEJMc1dKZ3c4ZHNmbjF1WWhTb0dpQ2dtRGM4eUpOamM5enJjc2Rnal9sMHZRVXNoRC15dnEyRllDUGVRemhWd19fQ19rbXBRdkYtLUFabnRWUVB0Q1BPUEJHRVJOVXV4MG1fZVlOcnE0TThXMXEyM29vMEMtSERwLVhySE03T2V6TXN5dHlXemtUdEVkV0NGTlAyNGdVYi1Ub1RYaThna2lzN29KQnowWkZ0aF9EaWRZ?oc=5\" target=\"_blank\" rel=\"nofollow noopener\">Hags \u00e5terkallar sl\u00e4ntrutschbana p\u00e5 grund av risk f\u00f6r att barn kan fastna<\/a>&nbsp;&nbsp;konsumentverket.se<\/li>\n<\/ol>\n","protected":false},"excerpt":{"rendered":"Rutschkana \u00e5terkallas efter d\u00f6dsolyckan i Ume\u00e5&nbsp;&nbsp;Expressen Efter d\u00f6dsolyckan \u2013 HAGS \u00e5terkallar rutschkana&nbsp;&nbsp;SVT Nyheter Rutschbana \u00e5terkallas efter d\u00f6dsolycka&nbsp;&nbsp;Aftonbladet Rutschkanor&hellip;\n","protected":false},"author":2,"featured_media":39,"comment_status":"","ping_status":"","sticky":false,"template":"","format":"standard","meta":{"footnotes":""},"categories":[5],"tags":[22,23,26,27,35,17,21,24,25,28,29,15,16,18,34,31,33,32,30,19,20],"class_list":{"0":"post-83981","1":"post","2":"type-post","3":"status-publish","4":"format-standard","5":"has-post-thumbnail","7":"category-rubriker","8":"tag-breaking-news","9":"tag-breakingnews","10":"tag-featured-news","11":"tag-featurednews","12":"tag-function-ta-bort-ai-rost","13":"tag-headlines","14":"tag-huvudnyheter","15":"tag-latest-news","16":"tag-latestnews","17":"tag-main-news","18":"tag-mainnews","19":"tag-news","20":"tag-nyheter","21":"tag-rubriker","22":"tag-se","23":"tag-svenska","24":"tag-sverige","25":"tag-sweden","26":"tag-swedish","27":"tag-top-stories","28":"tag-topstories"},"share_on_mastodon":{"url":"https:\/\/pubeurope.com\/@se\/115571318044746186","error":""},"_links":{"self":[{"href":"https:\/\/www.europesays.com\/se\/wp-json\/wp\/v2\/posts\/83981","targetHints":{"allow":["GET"]}}],"collection":[{"href":"https:\/\/www.europesays.com\/se\/wp-json\/wp\/v2\/posts"}],"about":[{"href":"https:\/\/www.europesays.com\/se\/wp-json\/wp\/v2\/types\/post"}],"author":[{"embeddable":true,"href":"https:\/\/www.europesays.com\/se\/wp-json\/wp\/v2\/users\/2"}],"replies":[{"embeddable":true,"href":"https:\/\/www.europesays.com\/se\/wp-json\/wp\/v2\/comments?post=83981"}],"version-history":[{"count":0,"href":"https:\/\/www.europesays.com\/se\/wp-json\/wp\/v2\/posts\/83981\/revisions"}],"wp:featuredmedia":[{"embeddable":true,"href":"https:\/\/www.europesays.com\/se\/wp-json\/wp\/v2\/media\/39"}],"wp:attachment":[{"href":"https:\/\/www.europesays.com\/se\/wp-json\/wp\/v2\/media?parent=83981"}],"wp:term":[{"taxonomy":"category","embeddable":true,"href":"https:\/\/www.europesays.com\/se\/wp-json\/wp\/v2\/categories?post=83981"},{"taxonomy":"post_tag","embeddable":true,"href":"https:\/\/www.europesays.com\/se\/wp-json\/wp\/v2\/tags?post=83981"}],"curies":[{"name":"wp","href":"https:\/\/api.w.org\/{rel}","templated":true}]}}