{"id":83986,"date":"2025-11-18T15:10:11","date_gmt":"2025-11-18T15:10:11","guid":{"rendered":"https:\/\/www.europesays.com\/se\/83986\/"},"modified":"2025-11-18T15:10:11","modified_gmt":"2025-11-18T15:10:11","slug":"kriget-i-sudan-en-mansklig-katastrof-och-en-geopolitisk-dragkamp","status":"publish","type":"post","link":"https:\/\/www.europesays.com\/se\/83986\/","title":{"rendered":"Kriget i Sudan \u2013 en m\u00e4nsklig katastrof och en geopolitisk dragkamp"},"content":{"rendered":"<p>Sudan \u00e4r en av v\u00e4rldens st\u00f6rsta humanit\u00e4ra katastrofer, men f\u00e5r trots det inte mycket av v\u00e4rldens uppm\u00e4rksamhet. V\u00e4lkommen till ett publikt seminarium om kriget i Sudan, d\u00e4r flera rivaliserande stater i regionen f\u00f6rst\u00e4rker kriget med vapen och pengar.\n<\/p>\n<p>Det som b\u00f6rjade som en maktkamp mellan regeringen och milisen RSF har lett till ett segdraget krig som drivit 12 miljoner m\u00e4nniskor p\u00e5 flykt under stort lidande. Nyligen intog RSF staden al-Fashir och d\u00e4rifr\u00e5n kommer nu trov\u00e4rdiga rapporter om omfattande massavr\u00e4ttningar. Konflikten har ocks\u00e5 utvecklats till en arena f\u00f6r en geopolitisk strid, d\u00e4r flera arabstater aktivt st\u00f6djer olika sidor i konflikten.<\/p>\n<p><strong>Medverkande<br \/><\/strong><strong>Dr. Redie Bereketeab<\/strong>, docent i sociologi och seniorforskare, <a href=\"https:\/\/nai.uu.se\/\" rel=\"nofollow noopener\" target=\"_blank\">Nordiska Afrikainstitutet (NAI)<\/a><br \/><strong>Dr. Johan Brosch\u00e9<\/strong>, universitetslektor och docent vid Institutionen f\u00f6r freds- och konfliktforskning, <a href=\"https:\/\/www.uu.se\/\" rel=\"nofollow noopener\" target=\"_blank\">Uppsala universitet<\/a><br \/><strong>Oscar Fr\u00f6berg<\/strong>, forskare, <a href=\"https:\/\/www.foi.se\/\" rel=\"nofollow noopener\" target=\"_blank\">Totalf\u00f6rsvarets forskningsinstitut (FOI)<\/a><\/p>\n<p><strong>Moderator<\/strong><br \/><a href=\"https:\/\/www.ui.se\/om-ui\/personal\/fanny-christou\/\" rel=\"nofollow noopener\" target=\"_blank\"><strong>Dr. Fanny Christou<\/strong><\/a>, tillf\u00f6rordnad chef f\u00f6r <a href=\"https:\/\/www.ui.se\/forskning\/mellanostern-och-nordafrika\/\" rel=\"nofollow noopener\" target=\"_blank\">Mellan\u00f6stern- och Nordafrikaprogrammet<\/a>.<\/p>\n<p><a href=\"https:\/\/ui.confetti.events\/kriget-i-sudan-en-mansklig-katastrof-och-en-geopolitisk-dragkamp\/signup\" rel=\"nofollow noopener\" target=\"_blank\">Anm\u00e4l dig till evenemanget h\u00e4r!<\/a><\/p>\n<p>Detta seminarium h\u00e5lls p\u00e5 engelska.\u00a0<br \/>Detta seminarium \u00e4r en del av Bakom rubriken-projektet p\u00e5 Medelhavsmuseet.<\/p>\n<p>\u00a0<\/p>\n<p><strong>The War in Sudan \u2013 A Humanitarian Catastrophe and a Geopolitical Power Struggle<br \/><\/strong>Sudan is one of the world\u2019s largest humanitarian disasters, yet it receives very little global attention. You are welcome to a public seminar on the war in Sudan, where several rival states in the region are fuelling the conflict with weapons and money.<\/p>\n<p>What began as a power struggle between the government and the RSF militia has turned into a protracted war that has forced 12 million people to flee, causing immense suffering. Recently, RSF captured the city of al-Fashir, and credible reports of widespread mass executions have emerged from there. The conflict has also evolved into an arena for geopolitical rivalry, with several Arab states actively supporting different sides in the war.<\/p>\n<p><strong>Speakers:<br \/><\/strong><strong>Dr. Redie Bereketeab<\/strong>, Associate Professor of Sociology and Senior Researcher, <a href=\"https:\/\/nai.uu.se\/\" rel=\"nofollow noopener\" target=\"_blank\">Nordic Africa Institute (NAI)<\/a><br \/><strong>Dr. Johan Brosch\u00e9<\/strong>, Senior Lecturer \/ Associate Professor, Department of Peace and Conflict Research, <a href=\"https:\/\/www.uu.se\/\" rel=\"nofollow noopener\" target=\"_blank\">Uppsala University<\/a><br \/><strong>Oscar Fr\u00f6berg<\/strong>, Researcher,<a href=\"https:\/\/www.foi.se\/en\/foi.html\" rel=\"nofollow noopener\" target=\"_blank\"> Swedish Defence Research Agency (FOI)<\/a><\/p>\n<p><strong>Moderator<br \/><a href=\"https:\/\/www.ui.se\/english\/about\/staff\/fanny-christou\/\" rel=\"nofollow noopener\" target=\"_blank\">Dr. Fanny Christou<\/a><\/strong>, Acting Head of the <a href=\"https:\/\/www.ui.se\/english\/research\/middle-east-and-north-africa\/\" rel=\"nofollow noopener\" target=\"_blank\">Middle East and North Africa Programme<\/a><\/p>\n<p><a href=\"https:\/\/ui.confetti.events\/kriget-i-sudan-en-mansklig-katastrof-och-en-geopolitisk-dragkamp\/signup\" rel=\"nofollow noopener\" target=\"_blank\">Sign up for the seminar here!<\/a><\/p>\n<p>The seminar will be held in English and followed with opportunities for audience questions.\u00a0<br \/>This seminar is a part of the Bakom rubriken-project.<\/p>\n","protected":false},"excerpt":{"rendered":"Sudan \u00e4r en av v\u00e4rldens st\u00f6rsta humanit\u00e4ra katastrofer, men f\u00e5r trots det inte mycket av v\u00e4rldens uppm\u00e4rksamhet. V\u00e4lkommen&hellip;\n","protected":false},"author":2,"featured_media":83987,"comment_status":"","ping_status":"","sticky":false,"template":"","format":"standard","meta":{"footnotes":""},"categories":[14],"tags":[22,23,26,27,17,21,24,25,28,29,15,16,18,34,31,33,32,30,19,20,51,52,53,54],"class_list":{"0":"post-83986","1":"post","2":"type-post","3":"status-publish","4":"format-standard","5":"has-post-thumbnail","7":"category-varlden","8":"tag-breaking-news","9":"tag-breakingnews","10":"tag-featured-news","11":"tag-featurednews","12":"tag-headlines","13":"tag-huvudnyheter","14":"tag-latest-news","15":"tag-latestnews","16":"tag-main-news","17":"tag-mainnews","18":"tag-news","19":"tag-nyheter","20":"tag-rubriker","21":"tag-se","22":"tag-svenska","23":"tag-sverige","24":"tag-sweden","25":"tag-swedish","26":"tag-top-stories","27":"tag-topstories","28":"tag-varlden","29":"tag-world","30":"tag-world-news","31":"tag-worldnews"},"share_on_mastodon":{"url":"https:\/\/pubeurope.com\/@se\/115571341677429964","error":""},"_links":{"self":[{"href":"https:\/\/www.europesays.com\/se\/wp-json\/wp\/v2\/posts\/83986","targetHints":{"allow":["GET"]}}],"collection":[{"href":"https:\/\/www.europesays.com\/se\/wp-json\/wp\/v2\/posts"}],"about":[{"href":"https:\/\/www.europesays.com\/se\/wp-json\/wp\/v2\/types\/post"}],"author":[{"embeddable":true,"href":"https:\/\/www.europesays.com\/se\/wp-json\/wp\/v2\/users\/2"}],"replies":[{"embeddable":true,"href":"https:\/\/www.europesays.com\/se\/wp-json\/wp\/v2\/comments?post=83986"}],"version-history":[{"count":0,"href":"https:\/\/www.europesays.com\/se\/wp-json\/wp\/v2\/posts\/83986\/revisions"}],"wp:featuredmedia":[{"embeddable":true,"href":"https:\/\/www.europesays.com\/se\/wp-json\/wp\/v2\/media\/83987"}],"wp:attachment":[{"href":"https:\/\/www.europesays.com\/se\/wp-json\/wp\/v2\/media?parent=83986"}],"wp:term":[{"taxonomy":"category","embeddable":true,"href":"https:\/\/www.europesays.com\/se\/wp-json\/wp\/v2\/categories?post=83986"},{"taxonomy":"post_tag","embeddable":true,"href":"https:\/\/www.europesays.com\/se\/wp-json\/wp\/v2\/tags?post=83986"}],"curies":[{"name":"wp","href":"https:\/\/api.w.org\/{rel}","templated":true}]}}