{"id":84135,"date":"2025-11-18T18:34:14","date_gmt":"2025-11-18T18:34:14","guid":{"rendered":"https:\/\/www.europesays.com\/se\/84135\/"},"modified":"2025-11-18T18:34:14","modified_gmt":"2025-11-18T18:34:14","slug":"oneplus-retar-mystiska-oneplus-new-tablet-medan-de-staller-in-global-release-i-december-2025","status":"publish","type":"post","link":"https:\/\/www.europesays.com\/se\/84135\/","title":{"rendered":"OnePlus retar mystiska OnePlus New Tablet medan de st\u00e4ller in global release i december 2025"},"content":{"rendered":"<p class=\"bodytext\">Ist\u00e4llet n\u00e4mner OnePlus en &#8221;OnePlus New Tablet&#8221; \u00f6ver kampanjvillkoren f\u00f6r sin OnePlus 15R-kampanj. Som sk\u00e4rmdumpen nedan visar kommer OnePlus att avsl\u00f6ja namnet p\u00e5 denna mystiska surfplatta senare denna m\u00e5nad. Dessutom indikerar samma villkor att OnePlus sedan kommer att forts\u00e4tta att sl\u00e4ppa samma surfplatta p\u00e5 eller runt den 17 december innan dess tidiga f\u00e5gelkampanj slutar den 31 januari 2026.<\/p>\n<p class=\"bodytext\">Medan OnePlus h\u00e5ller sina kort n\u00e4ra br\u00f6stet, kan en ny release i Kina redan ha avsl\u00f6jat f\u00f6retagets planer i f\u00f6rv\u00e4g. Specifikt, den <a href=\"http:\/\/www.notebookcheck.net\/OnePlus-releases-Tablet-2-with-144-Hz-display-and-MediaTek-Dimensity-9400-Plus-for-under-400.1147873.0.html\" target=\"_self\" rel=\"nofollow noopener\">OnePlus Tablet 2 debuterade<\/a> f\u00f6r mindre \u00e4n tre veckor sedan i Kina med en 144 Hz-sk\u00e4rm och en <a href=\"http:\/\/www.notebookcheck.net\/Mediatek-Dimensity-9400-Processor-Benchmarks-and-Specs.1015980.0.html\" target=\"_self\" rel=\"nofollow noopener\">MediaTek Dimensity 9400 Plus<\/a> chipset, bland annan h\u00e5rdvara. S\u00e5ledes skulle vi inte bli f\u00f6rv\u00e5nade om &#8221;OnePlus New Tablet&#8221; \u00e4r en omm\u00e4rkt OnePlus Tablet 2 f\u00f6r globala m\u00e5lgrupper, precis som OnePlus Pad 3 var innan den.<\/p>\n","protected":false},"excerpt":{"rendered":"Ist\u00e4llet n\u00e4mner OnePlus en &#8221;OnePlus New Tablet&#8221; \u00f6ver kampanjvillkoren f\u00f6r sin OnePlus 15R-kampanj. Som sk\u00e4rmdumpen nedan visar kommer&hellip;\n","protected":false},"author":2,"featured_media":84136,"comment_status":"","ping_status":"","sticky":false,"template":"","format":"standard","meta":{"footnotes":""},"categories":[66],"tags":[7083,7084,8546,7085,6802,8544,8543,8545,80,78,79,34,31,33,32,30,81,84,83,82],"class_list":{"0":"post-84135","1":"post","2":"type-post","3":"status-publish","4":"format-standard","5":"has-post-thumbnail","7":"category-vetenskap-och-teknik","8":"tag-barbar-dator","9":"tag-laptop","10":"tag-mediatek-dimensity-9400-plus","11":"tag-notebook","12":"tag-oneplus","13":"tag-oneplus-ny-surfplatta","14":"tag-oneplus-pad","15":"tag-oneplus-tablet-2","16":"tag-science","17":"tag-science-and-technology","18":"tag-scienceandtechnology","19":"tag-se","20":"tag-svenska","21":"tag-sverige","22":"tag-sweden","23":"tag-swedish","24":"tag-technology","25":"tag-teknik","26":"tag-vetenskap","27":"tag-vetenskapteknik"},"share_on_mastodon":{"url":"https:\/\/pubeurope.com\/@se\/115572143815464702","error":""},"_links":{"self":[{"href":"https:\/\/www.europesays.com\/se\/wp-json\/wp\/v2\/posts\/84135","targetHints":{"allow":["GET"]}}],"collection":[{"href":"https:\/\/www.europesays.com\/se\/wp-json\/wp\/v2\/posts"}],"about":[{"href":"https:\/\/www.europesays.com\/se\/wp-json\/wp\/v2\/types\/post"}],"author":[{"embeddable":true,"href":"https:\/\/www.europesays.com\/se\/wp-json\/wp\/v2\/users\/2"}],"replies":[{"embeddable":true,"href":"https:\/\/www.europesays.com\/se\/wp-json\/wp\/v2\/comments?post=84135"}],"version-history":[{"count":0,"href":"https:\/\/www.europesays.com\/se\/wp-json\/wp\/v2\/posts\/84135\/revisions"}],"wp:featuredmedia":[{"embeddable":true,"href":"https:\/\/www.europesays.com\/se\/wp-json\/wp\/v2\/media\/84136"}],"wp:attachment":[{"href":"https:\/\/www.europesays.com\/se\/wp-json\/wp\/v2\/media?parent=84135"}],"wp:term":[{"taxonomy":"category","embeddable":true,"href":"https:\/\/www.europesays.com\/se\/wp-json\/wp\/v2\/categories?post=84135"},{"taxonomy":"post_tag","embeddable":true,"href":"https:\/\/www.europesays.com\/se\/wp-json\/wp\/v2\/tags?post=84135"}],"curies":[{"name":"wp","href":"https:\/\/api.w.org\/{rel}","templated":true}]}}