{"id":84211,"date":"2025-11-18T20:08:10","date_gmt":"2025-11-18T20:08:10","guid":{"rendered":"https:\/\/www.europesays.com\/se\/84211\/"},"modified":"2025-11-18T20:08:10","modified_gmt":"2025-11-18T20:08:10","slug":"victor-laz-lanas-ut-av-skelleftea-aik-atervander-till-kalmar-hc","status":"publish","type":"post","link":"https:\/\/www.europesays.com\/se\/84211\/","title":{"rendered":"Victor Laz l\u00e5nas ut av Skellefte\u00e5 AIK \u2013 \u00e5terv\u00e4nder till Kalmar HC"},"content":{"rendered":"<p><strong>Victor Laz, 29, l\u00e5nas ut p\u00e5 nytt till Hockeyallsvenskan och Kalmar.<br \/>D\u00e4rmed l\u00e4mnar han Skellefte\u00e5 tillf\u00e4lligt \u2013 igen.<br \/>\u2013 Vi vill ocks\u00e5 rikta ett stort tack till Skellefte\u00e5 AIK f\u00f6r ett smidigt och bra samarbete, skriver Kalmar p\u00e5 sin <a href=\"https:\/\/www.kalmarhockey.com\/article\/jrjat5p-2l301\/view\" rel=\"nofollow noopener\" target=\"_blank\">hemsida<\/a>.<\/strong><\/p>\n<p><img loading=\"lazy\" decoding=\"async\" width=\"1024\" height=\"682\" src=\"https:\/\/www.europesays.com\/se\/wp-content\/uploads\/2025\/11\/BB250228ZE004-1024x682.webp.webp\" alt=\"\" class=\"wp-image-327056\"  \/>Victor Laz i Kalmar s\u00e4songen 2024\/25.<br \/>\nFoto: Patric S\u00f6derstr\u00f6m \/ BILDBYR\u00c5N \/ COP 347 \/ PT0004<\/p>\n<p>Skellefte\u00e5 AIK v\u00e4rvade inf\u00f6r s\u00e4songen Victor Laz, 29, fr\u00e5n Kalmar. Den tidigare allsvenska stj\u00e4rnforwarden fick d\u00e4rmed chansen i SHL, men v\u00e4l i SHL har det inte lossnat for honom<\/p>\n<p>Laz har st\u00e5tt f\u00f6r endast en po\u00e4ng p\u00e5 elva matcher och har d\u00e4rf\u00f6r l\u00e5nats tillbaka till Hockeyallsvenskan och just Kalmar. P\u00e5 sina tv\u00e5 f\u00f6rsta matcher har han gjort ett m\u00e5l och en assist.<\/p>\n<p>\u201dVi \u00e4r v\u00e4ldigt n\u00f6jda\u201d<\/p>\n<p>Nu st\u00e5r det klart att han \u00e5terv\u00e4nder till Kalmar igen, f\u00f6r spel i stormatcherna i toppskiktet mot MoDo och Bj\u00f6rkl\u00f6ven.<\/p>\n<p>\u2013 Vi \u00e4r v\u00e4ldigt n\u00f6jda att med s\u00e5 kort varsel kunna f\u00e5 in Victor Laz f\u00f6r spel i dessa matcher d\u00e5 vi har lite fr\u00e5nvaro. En v\u00e4ldigt bra l\u00f6sning d\u00e5 vi alla vet Victors kvaliteter och han kan v\u00e5rt spel sen sin tid hos oss.<\/p>\n<p>\u2013\u00a0Vi vill ocks\u00e5 rikta ett stort tack till Skellefte\u00e5 AIK f\u00f6r ett smidigt och bra samarbete!\u00a0<\/p>\n<p>Kalmar ligger trea i Hockeyallsvenskan och har spelat in 33 po\u00e4ng p\u00e5 17 matcher. MoDo i sin tur \u00e4r tv\u00e5a efter att ha spelat 19 matcher och p\u00e5 dem spelat in 40 po\u00e4ng. Upp till Bj\u00f6rkl\u00f6ven har MoDo just nu sex po\u00e4ng.<\/p>\n","protected":false},"excerpt":{"rendered":"Victor Laz, 29, l\u00e5nas ut p\u00e5 nytt till Hockeyallsvenskan och Kalmar.D\u00e4rmed l\u00e4mnar han Skellefte\u00e5 tillf\u00e4lligt \u2013 igen.\u2013 Vi&hellip;\n","protected":false},"author":2,"featured_media":84212,"comment_status":"","ping_status":"","sticky":false,"template":"","format":"standard","meta":{"footnotes":""},"categories":[5],"tags":[22,23,26,27,17,621,21,24,25,28,29,15,16,18,34,134,31,33,32,30,19,20],"class_list":{"0":"post-84211","1":"post","2":"type-post","3":"status-publish","4":"format-standard","5":"has-post-thumbnail","7":"category-rubriker","8":"tag-breaking-news","9":"tag-breakingnews","10":"tag-featured-news","11":"tag-featurednews","12":"tag-headlines","13":"tag-hockeyallsvenskan","14":"tag-huvudnyheter","15":"tag-latest-news","16":"tag-latestnews","17":"tag-main-news","18":"tag-mainnews","19":"tag-news","20":"tag-nyheter","21":"tag-rubriker","22":"tag-se","23":"tag-shl","24":"tag-svenska","25":"tag-sverige","26":"tag-sweden","27":"tag-swedish","28":"tag-top-stories","29":"tag-topstories"},"share_on_mastodon":{"url":"https:\/\/pubeurope.com\/@se\/115572513468997941","error":""},"_links":{"self":[{"href":"https:\/\/www.europesays.com\/se\/wp-json\/wp\/v2\/posts\/84211","targetHints":{"allow":["GET"]}}],"collection":[{"href":"https:\/\/www.europesays.com\/se\/wp-json\/wp\/v2\/posts"}],"about":[{"href":"https:\/\/www.europesays.com\/se\/wp-json\/wp\/v2\/types\/post"}],"author":[{"embeddable":true,"href":"https:\/\/www.europesays.com\/se\/wp-json\/wp\/v2\/users\/2"}],"replies":[{"embeddable":true,"href":"https:\/\/www.europesays.com\/se\/wp-json\/wp\/v2\/comments?post=84211"}],"version-history":[{"count":0,"href":"https:\/\/www.europesays.com\/se\/wp-json\/wp\/v2\/posts\/84211\/revisions"}],"wp:featuredmedia":[{"embeddable":true,"href":"https:\/\/www.europesays.com\/se\/wp-json\/wp\/v2\/media\/84212"}],"wp:attachment":[{"href":"https:\/\/www.europesays.com\/se\/wp-json\/wp\/v2\/media?parent=84211"}],"wp:term":[{"taxonomy":"category","embeddable":true,"href":"https:\/\/www.europesays.com\/se\/wp-json\/wp\/v2\/categories?post=84211"},{"taxonomy":"post_tag","embeddable":true,"href":"https:\/\/www.europesays.com\/se\/wp-json\/wp\/v2\/tags?post=84211"}],"curies":[{"name":"wp","href":"https:\/\/api.w.org\/{rel}","templated":true}]}}