{"id":84217,"date":"2025-11-18T20:23:11","date_gmt":"2025-11-18T20:23:11","guid":{"rendered":"https:\/\/www.europesays.com\/se\/84217\/"},"modified":"2025-11-18T20:23:11","modified_gmt":"2025-11-18T20:23:11","slug":"bosattarrorelsen-exploderar-inifran-pa-vastbanken-men-det-ar-palestinska-hus-som-branns","status":"publish","type":"post","link":"https:\/\/www.europesays.com\/se\/84217\/","title":{"rendered":"Bos\u00e4ttarr\u00f6relsen exploderar inifr\u00e5n p\u00e5 V\u00e4stbanken \u2013 men det \u00e4r palestinska hus som br\u00e4nns"},"content":{"rendered":"<p>F\u00f6rst och fr\u00e4mst ska det s\u00e4gas \u2013 det finns inga lagliga bos\u00e4ttningar enligt internationell lag. Enligt israelisk lag finns det dock det, och under de senaste \u00e5ren har Israels h\u00f6gerextrema regeringskoalition i st\u00e4llet f\u00f6r att riva gett godk\u00e4nnande till ett stort antal tidigare \u201dolagliga utposter\u201d.<\/p>\n<p><strong>Det som h\u00e4nde p\u00e5 V\u00e4stbanken<\/strong> under m\u00e5ndagen var d\u00e4rf\u00f6r n\u00e5got unikt. Pl\u00f6tsligt d\u00f6k en massiv polis- och milit\u00e4rinsats upp, med bulldozrar och traktorer, f\u00f6r att riva en utpost som ligger i n\u00e4rheten av Gush Etzion, ett stort kluster av bos\u00e4ttningar inspr\u00e4ngda mellan palestinska byar.<\/p>\n<p>Utposten har funnits i ungef\u00e4r tv\u00e5 \u00e5r och varit hem f\u00f6r 25 familjer, samtliga tillh\u00f6rande den mest radikala bos\u00e4ttargrupperingen. Den brukar kallas \u201dhilltop youth\u201d och best\u00e5r av unga, israeliska extremister som sl\u00e5r l\u00e4ger p\u00e5 palestinsk mark f\u00f6r att f\u00f6rs\u00f6ka g\u00f6ra den till sin egen.<\/p>\n<p>          <img decoding=\"async\" class=\"picture__img\" src=\"https:\/\/www.europesays.com\/se\/wp-content\/uploads\/2025\/11\/44717f8c-f085-413b-bcd1-c1d27e58b140.jpeg\"   alt=\"Tre unga bos\u00e4ttare, av de som kallas hilltop youth, p\u00e5 v\u00e4g att ansluta till protesterna mot rivningen av en illegal utpost.\"\/><\/p>\n<p>      Tre unga bos\u00e4ttare, av de som kallas hilltop youth, p\u00e5 v\u00e4g att ansluta till protesterna mot rivningen av en illegal utpost.<\/p>\n<p>      Foto: Anders Hansson<\/p>\n<p><strong>Det har talats mycket om<\/strong> bos\u00e4ttarv\u00e5ld p\u00e5 sistone, \u00e4ven i Israel, d\u00e4r fr\u00e5gan s\u00e4llan \u00e4r h\u00f6gt p\u00e5 agendan. Men \u00e5rets sk\u00f6rdars\u00e4song f\u00f6r oliver har varit den blodigaste p\u00e5 l\u00e4nge, med ett stort antal v\u00e5ldsamma attacker fr\u00e5n just hilltop youth-grupper. Situationen har urartat s\u00e5 pass att USA har b\u00f6rjat oroa sig f\u00f6r att det ska hota Trumps fredsplan f\u00f6r Gaza och hela Mellan\u00f6stern och detta har i sin tur lett till att premi\u00e4rminister Netanyahu har yttrat sig i fr\u00e5gan.<\/p>\n<p>\u201dIngen st\u00e5r \u00f6ver lagen\u201d, sa han i helgen, d\u00e5 han f\u00f6rvisso \u00e4ven h\u00e4vdade att v\u00e5ldet kommer fr\u00e5n en mycket liten minoritet av bos\u00e4ttarna.<\/p>\n<p><strong>Man skulle kunna tro<\/strong> att det \u00e4r f\u00f6r att statuera exempel och visa v\u00e4lvilja f\u00f6r Trumps fredsplan som utposten revs p\u00e5 m\u00e5ndagen, men d\u00e5 tror man fel. Det har visserligen kommit ett stort antal klagom\u00e5l p\u00e5 den aktuella bos\u00e4ttningen l\u00e4ngst uppe p\u00e5 en kulle, men klagom\u00e5len \u00e4r fr\u00e5n israeliskt h\u00e5ll. En ledare f\u00f6r Gush Etzion tycker att l\u00e4gret st\u00f6r omfattande planer p\u00e5 att annektera marken f\u00f6r att bygga bostadskomplex och dessutom har en annan illegal utpost larmat om trakasserier fr\u00e5n denna granne.<\/p>\n<p>Det har pyrt om detta i bos\u00e4ttargrupper p\u00e5 Whatsapp p\u00e5 sistone och n\u00e4r rivningen inleddes blev st\u00e4mningen riktigt h\u00e4tsk.<\/p>\n<p><strong>Under ytan har det l\u00e4nge<\/strong> bubblat en irritation; \u201detablerade\u201d bos\u00e4ttare tycker att de unga utpostbos\u00e4ttarna f\u00f6rst\u00f6r deras rykte med sin framfart \u2013 utpostg\u00e4nget tycker \u00e5 sin sida att de etablerade bos\u00e4ttarna sitter i sina elfenbenstorn och njuter av rinnande vatten, medan de g\u00f6r h\u00e4stjobbet med att \u201dta tillbaka landet\u201d.<\/p>\n<p>I den palestinska byn Tuqu har inv\u00e5narna samlats uppe p\u00e5 ett berg f\u00f6r att f\u00f6rs\u00f6ka se vad som p\u00e5g\u00e5r p\u00e5 andra sidan dalen. Milit\u00e4ren har sp\u00e4rrat av alla v\u00e4gar som leder till utposten, med god marginal. Inte heller press f\u00e5r \u00e5ka igenom. N\u00e4r vi st\u00e5r intill avsp\u00e4rrningen ser vi bil efter bil anl\u00e4nda och unga m\u00e4n med korkskruvslockar eller fl\u00e4tor vid tinningarna och sn\u00f6ren l\u00e4ngs h\u00f6fterna hoppa ur. De rundar milit\u00e4rens sp\u00e4rr, springer \u00f6ver bergen och f\u00f6rsvinner.<\/p>\n<p>Ingen f\u00f6rs\u00f6ker stoppa dem.<\/p>\n<p>          <img decoding=\"async\" class=\"picture__img\" src=\"https:\/\/www.europesays.com\/se\/wp-content\/uploads\/2025\/11\/d4371eec-35c2-4ebc-a214-70bb680542b4.jpeg\"   alt=\"En efter en passerar de milit\u00e4rens avsp\u00e4rrningar.\"\/><\/p>\n<p>      En efter en passerar de milit\u00e4rens avsp\u00e4rrningar.<\/p>\n<p>      Foto: Anders Hansson<\/p>\n<p><strong>Uppe fr\u00e5n utposten kommer rapporter<\/strong> om sammandrabbningar mellan unga israeler och polis. En polis f\u00e5r en sten i \u00f6gat och skadas. Ledaren f\u00f6r den radikala bos\u00e4ttarorganisationen Nachala, Daniella Weiss, uppmanar sina anh\u00e4ngare att bege sig till platsen f\u00f6r att stoppa rivningen. Det verkar som att hundratals har b\u00f6nh\u00f6rt henne.<\/p>\n<p>Fr\u00e5n Tuqu ses t\u00e5rgas stiga mot skyn fr\u00e5n andra sidan, vid ett tillf\u00e4lle h\u00f6rs en h\u00f6g sm\u00e4ll. Sedan ser vi r\u00f6k fr\u00e5n en annan del av berget. D\u00e4r har det inte legat n\u00e5gon utpost. D\u00e4r bor det palestinska familjer, i en by som heter Sa&#8217;ir.<\/p>\n<p>    <img decoding=\"async\" src=\"https:\/\/www.europesays.com\/se\/wp-content\/uploads\/2025\/11\/Webb_va\u00ccstbanken_Tuqu-1763471419406.png\" class=\"graphic__image\" alt=\"\"\/><\/p>\n<p><strong>Det visar sig att de unga,<\/strong> arga m\u00e4nnen har gett upp sin strid mot polis och milit\u00e4r och gett sig iv\u00e4g p\u00e5 jakt efter andra m\u00e5ltavlor. Issa Shallaldeh ber\u00e4ttar f\u00f6r den palestinska nyhetsbyr\u00e5n Wafa att hans sons hus sattes i brand och att tv\u00e5 av familjens bilar br\u00e4ndes av bos\u00e4ttare som pl\u00f6tsligt kom springande ner f\u00f6r berget.<\/p>\n<p>Han ber\u00e4ttar ocks\u00e5 att massor av israeliska soldater var i omr\u00e5det, att de s\u00e5g vad som skedde, men gjorde ingenting.<\/p>\n<p>D\u00e4r vi st\u00e5r ser vi ambulans och brandk\u00e5r \u00e5ka f\u00f6rbi, p\u00e5 v\u00e4g mot avsp\u00e4rrningarna f\u00f6r att sl\u00e4cka br\u00e4nder och unds\u00e4tta skadade.<\/p>\n<p>De stoppas i v\u00e4gsp\u00e4rren.<\/p>\n<p>I bos\u00e4ttargruppen uppmanas till protest. Nidbilder p\u00e5 finansminister Bezalel Smotrich och andra bos\u00e4ttarledare delas, med till\u00e4gget \u201dVi kommer inte att f\u00f6rl\u00e5ta och heller inte gl\u00f6mma\u201d.<\/p>\n<p>          Fakta.\u00d6ver 1 000 d\u00f6dade p\u00e5 V\u00e4stbanken<\/p>\n<p>\u25cf Sedan Hamas attack mot Israel och krigsutbrottet i Gaza f\u00f6r drygt tv\u00e5 \u00e5r sedan, har v\u00e5ldet p\u00e5 V\u00e4stbanken \u00f6kat. Totalt \u00f6ver 1 000 palestinier har d\u00f6dats p\u00e5 V\u00e4stbanken och i \u00f6stra Jerusalem sedan 7 oktober 2023, enligt FN.<\/p>\n<p>\u25cf FN-organet Ocha har dokumenterat \u00f6ver 9 600 attacker av israeliska bos\u00e4ttare mot palestinier p\u00e5 V\u00e4stbanken sedan 2006, varav 1 500 eller har skett i \u00e5r, skriver Reuters. Oktober m\u00e5nad \u00e4r den v\u00e4rsta hittills med minst 264 attacker,<\/p>\n<p>\u25cf P\u00e5 V\u00e4stbanken finns hundratals bos\u00e4ttningar, alla illegala enligt internationell r\u00e4tt, en del \u00e4ven enligt israelisk lag. Israeliska arm\u00e9n beskyddar bos\u00e4ttarna mot palestinska angrepp.<\/p>\n<p>\u25cf Totalt finns det omkring en halv miljon israeliska bos\u00e4ttare p\u00e5 V\u00e4stbanken, och 2,7 miljoner palestinier.<\/p>\n<p>\u25cf Det vanligaste argumentet f\u00f6r israelisk bos\u00e4ttning \u00e4r att \u00d6stra Jerusalem och V\u00e4stbanken \u00e4r historisk, judisk mark.<\/p>\n<p>\u25cf \u00c4ven s\u00e4kerhetsfr\u00e5gor och bostadspolitik har spelat in. 1973, sex \u00e5r efter junikriget, f\u00f6rs\u00f6kte arabl\u00e4nderna genom krig ta tillbaka den ockuperade marken.<\/p>\n<p>K\u00e4lla: Utrikespolitiska institutet<\/p>\n<p>            Visa mer<\/p>\n<p>            Visa mindre<\/p>\n","protected":false},"excerpt":{"rendered":"F\u00f6rst och fr\u00e4mst ska det s\u00e4gas \u2013 det finns inga lagliga bos\u00e4ttningar enligt internationell lag. Enligt israelisk lag&hellip;\n","protected":false},"author":2,"featured_media":84218,"comment_status":"","ping_status":"","sticky":false,"template":"","format":"standard","meta":{"footnotes":""},"categories":[14],"tags":[22,23,26,27,17,21,24,25,28,29,15,16,18,34,31,33,32,30,19,20,51,52,53,54],"class_list":{"0":"post-84217","1":"post","2":"type-post","3":"status-publish","4":"format-standard","5":"has-post-thumbnail","7":"category-varlden","8":"tag-breaking-news","9":"tag-breakingnews","10":"tag-featured-news","11":"tag-featurednews","12":"tag-headlines","13":"tag-huvudnyheter","14":"tag-latest-news","15":"tag-latestnews","16":"tag-main-news","17":"tag-mainnews","18":"tag-news","19":"tag-nyheter","20":"tag-rubriker","21":"tag-se","22":"tag-svenska","23":"tag-sverige","24":"tag-sweden","25":"tag-swedish","26":"tag-top-stories","27":"tag-topstories","28":"tag-varlden","29":"tag-world","30":"tag-world-news","31":"tag-worldnews"},"share_on_mastodon":{"url":"https:\/\/pubeurope.com\/@se\/115572572586981992","error":""},"_links":{"self":[{"href":"https:\/\/www.europesays.com\/se\/wp-json\/wp\/v2\/posts\/84217","targetHints":{"allow":["GET"]}}],"collection":[{"href":"https:\/\/www.europesays.com\/se\/wp-json\/wp\/v2\/posts"}],"about":[{"href":"https:\/\/www.europesays.com\/se\/wp-json\/wp\/v2\/types\/post"}],"author":[{"embeddable":true,"href":"https:\/\/www.europesays.com\/se\/wp-json\/wp\/v2\/users\/2"}],"replies":[{"embeddable":true,"href":"https:\/\/www.europesays.com\/se\/wp-json\/wp\/v2\/comments?post=84217"}],"version-history":[{"count":0,"href":"https:\/\/www.europesays.com\/se\/wp-json\/wp\/v2\/posts\/84217\/revisions"}],"wp:featuredmedia":[{"embeddable":true,"href":"https:\/\/www.europesays.com\/se\/wp-json\/wp\/v2\/media\/84218"}],"wp:attachment":[{"href":"https:\/\/www.europesays.com\/se\/wp-json\/wp\/v2\/media?parent=84217"}],"wp:term":[{"taxonomy":"category","embeddable":true,"href":"https:\/\/www.europesays.com\/se\/wp-json\/wp\/v2\/categories?post=84217"},{"taxonomy":"post_tag","embeddable":true,"href":"https:\/\/www.europesays.com\/se\/wp-json\/wp\/v2\/tags?post=84217"}],"curies":[{"name":"wp","href":"https:\/\/api.w.org\/{rel}","templated":true}]}}