{"id":84229,"date":"2025-11-18T20:53:15","date_gmt":"2025-11-18T20:53:15","guid":{"rendered":"https:\/\/www.europesays.com\/se\/84229\/"},"modified":"2025-11-18T20:53:15","modified_gmt":"2025-11-18T20:53:15","slug":"dji-osmo-action-6-actionkamera-med-blandare-och-storre-sensor","status":"publish","type":"post","link":"https:\/\/www.europesays.com\/se\/84229\/","title":{"rendered":"DJI Osmo Action 6 \u2013 actionkamera med bl\u00e4ndare och st\u00f6rre sensor"},"content":{"rendered":"<p>                          Prylnytt<\/p>\n<p class=\"articleingress\">DJI:s nya actionkamera Osmo Action 6 har st\u00f6rre sensor och \u00e4r ljusstarkare \u00e4n <a href=\"https:\/\/www.fotosidan.se\/cldoc\/prylnytt\/dji-osmo-action-5-pro-dubbel.htm\" rel=\"nofollow noopener\" target=\"_blank\">sin f\u00f6reg\u00e5ngare<\/a>. Dessutom har objektivet f\u00e5tt en bl\u00e4ndare.<\/p>\n<p>Sensorn har vuxit fr\u00e5n en 1\/1.3-tums med proportionerna 4:3 till en kvadratisk 1\/1,1-tumssensor. Sensorytan har \u00f6kat fr\u00e5n 75 mm2 till 98 mm2.<\/p>\n<p>Samtidigt har ljusstyrkan \u00f6kat fr\u00e5n f\/2,8 till f\/2. Sammantaget \u00f6kar ljusinsamlingen med 1 och 1\/3 steg. N\u00e5got som b\u00e5de \u00f6kar f\u00f6rm\u00e5gan att fotografera i svagt ljus och det dynamiska omf\u00e5nget (som anges till 13,5 steg).<\/p>\n<p>Den som vill utnyttja omf\u00e5nget f\u00f6r video kan filma i 10-bit D-Log M.<\/p>\n<p><a href=\"https:\/\/www.europesays.com\/se\/wp-content\/uploads\/2025\/11\/948957.jpg\" rel=\"lightbox\"><img decoding=\"async\" src=\"https:\/\/www.europesays.com\/se\/wp-content\/uploads\/2025\/11\/948957.jpg\" alt=\"\" rel=\"lightbox\" class=\"lightbox\" data-cli=\"DocumentPart-948957\"\/><\/a><\/p>\n<p class=\"picturecaption\">Olika f\u00f6rs\u00e4ttslinser och filter kan s\u00e4ttas p\u00e5 kamerans objektiv, bland annat f\u00f6r makro.<\/p>\n<p>Nytt \u00e4r ocks\u00e5 att objektivet f\u00e5tt en bl\u00e4ndare. Den g\u00e5r att reglera mellan f\/2 och f\/4.<\/p>\n<p>Den kvadratiska sensorn g\u00f6r det enklare att f\u00e5 \u00f6nskade proportioner, i dag \u00e4r det ju vanligt att vilja kunna besk\u00e4ra en film i b\u00e5de liggande format f\u00f6r datorer\/tv och st\u00e5ende format f\u00f6r sociala medier.<\/p>\n<p>Osmo Action 6 kan filma i 4K\/120p med 4:3-proportion. Det finns ocks\u00e5 ett nattvideol\u00e4ge som ger 4K\/60p.<\/p>\n<p>Grundpaketet f\u00f6r Osmo Action 6 kostar 4\u00a0359 kronor inklusive moms. Det finns ocks\u00e5 paket med fler tillbeh\u00f6r.<\/p>\n<p><a href=\"https:\/\/www.europesays.com\/se\/wp-content\/uploads\/2025\/11\/948958.jpg\" rel=\"lightbox\"><img decoding=\"async\" src=\"https:\/\/www.europesays.com\/se\/wp-content\/uploads\/2025\/11\/948958.jpg\" alt=\"\" rel=\"lightbox\" class=\"lightbox\" data-cli=\"DocumentPart-948958\"\/><\/a><\/p>\n<p class=\"picturecaption\">Gr\u00e5filter finns som tillbeh\u00f6r och kan anv\u00e4ndas f\u00f6r att f\u00e5 l\u00e4ngre slutartider.\u00a0<\/p>\n<p>      \t\t\t<img decoding=\"async\" src=\"https:\/\/www.europesays.com\/se\/wp-content\/uploads\/2025\/08\/f2117752c045dc283223ad728e8d8f03.jpg\" border=\"0\" alt=\"\"\/>\t\t\t\t<\/p>\n<p>Publicerad 2025-11-18. <\/p>\n","protected":false},"excerpt":{"rendered":"Prylnytt DJI:s nya actionkamera Osmo Action 6 har st\u00f6rre sensor och \u00e4r ljusstarkare \u00e4n sin f\u00f6reg\u00e5ngare. Dessutom har&hellip;\n","protected":false},"author":2,"featured_media":84230,"comment_status":"","ping_status":"","sticky":false,"template":"","format":"standard","meta":{"footnotes":""},"categories":[66],"tags":[80,78,79,34,31,33,32,30,81,84,83,82],"class_list":{"0":"post-84229","1":"post","2":"type-post","3":"status-publish","4":"format-standard","5":"has-post-thumbnail","7":"category-vetenskap-och-teknik","8":"tag-science","9":"tag-science-and-technology","10":"tag-scienceandtechnology","11":"tag-se","12":"tag-svenska","13":"tag-sverige","14":"tag-sweden","15":"tag-swedish","16":"tag-technology","17":"tag-teknik","18":"tag-vetenskap","19":"tag-vetenskapteknik"},"share_on_mastodon":{"url":"https:\/\/pubeurope.com\/@se\/115572691074824605","error":""},"_links":{"self":[{"href":"https:\/\/www.europesays.com\/se\/wp-json\/wp\/v2\/posts\/84229","targetHints":{"allow":["GET"]}}],"collection":[{"href":"https:\/\/www.europesays.com\/se\/wp-json\/wp\/v2\/posts"}],"about":[{"href":"https:\/\/www.europesays.com\/se\/wp-json\/wp\/v2\/types\/post"}],"author":[{"embeddable":true,"href":"https:\/\/www.europesays.com\/se\/wp-json\/wp\/v2\/users\/2"}],"replies":[{"embeddable":true,"href":"https:\/\/www.europesays.com\/se\/wp-json\/wp\/v2\/comments?post=84229"}],"version-history":[{"count":0,"href":"https:\/\/www.europesays.com\/se\/wp-json\/wp\/v2\/posts\/84229\/revisions"}],"wp:featuredmedia":[{"embeddable":true,"href":"https:\/\/www.europesays.com\/se\/wp-json\/wp\/v2\/media\/84230"}],"wp:attachment":[{"href":"https:\/\/www.europesays.com\/se\/wp-json\/wp\/v2\/media?parent=84229"}],"wp:term":[{"taxonomy":"category","embeddable":true,"href":"https:\/\/www.europesays.com\/se\/wp-json\/wp\/v2\/categories?post=84229"},{"taxonomy":"post_tag","embeddable":true,"href":"https:\/\/www.europesays.com\/se\/wp-json\/wp\/v2\/tags?post=84229"}],"curies":[{"name":"wp","href":"https:\/\/api.w.org\/{rel}","templated":true}]}}