{"id":84269,"date":"2025-11-18T21:59:09","date_gmt":"2025-11-18T21:59:09","guid":{"rendered":"https:\/\/www.europesays.com\/se\/84269\/"},"modified":"2025-11-18T21:59:09","modified_gmt":"2025-11-18T21:59:09","slug":"stenson-projsar-13-miljoner-for-europa-comeback","status":"publish","type":"post","link":"https:\/\/www.europesays.com\/se\/84269\/","title":{"rendered":"Stenson pr\u00f6jsar 13 miljoner f\u00f6r Europa-comeback"},"content":{"rendered":"<p>Golfstj\u00e4rnan Henrik Stenson kommer tillbaka till Europatouren efter den uppm\u00e4rksammade och kontroversiella flytten till Saudist\u00f6dda LIV-touren. Svensken bekr\u00e4ftar f\u00f6r SVT Sport att han betalat boten p\u00e5 13 miljoner kronor som g\u00f6r att han f\u00e5r tillbaka sitt medlemskap. <\/p>\n<p>\u201dDet blir minst en t\u00e4vling p\u00e5 DP World Tour n\u00e4sta \u00e5r\u201d, skriver han. <\/p>\n<p>Stenson var en av flera storspelare som 2022 tog steget \u00f6ver till den omstridda LIV-touren. Han ska ha f\u00e5tt \u00f6ver 500 miljoner kronor f\u00f6r flytten. <\/p>\n<p>Omni \u00e4r politiskt obundna och oberoende. Vi str\u00e4var efter att ge fler perspektiv p\u00e5 nyheterna. Har du fr\u00e5gor eller synpunkter kring v\u00e5r rapportering? <a href=\"https:\/\/omni.se\/stenson-projsar-13-miljoner-for-europa-comeback\/a\/mailto:redaktion@omni.se\" class=\"ArticleActions_contactLink__W2F1M\" rel=\"nofollow noopener\" target=\"_blank\">Kontakta redaktionen<\/a><\/p>\n","protected":false},"excerpt":{"rendered":"Golfstj\u00e4rnan Henrik Stenson kommer tillbaka till Europatouren efter den uppm\u00e4rksammade och kontroversiella flytten till Saudist\u00f6dda LIV-touren. Svensken bekr\u00e4ftar&hellip;\n","protected":false},"author":2,"featured_media":84270,"comment_status":"","ping_status":"","sticky":false,"template":"","format":"standard","meta":{"footnotes":""},"categories":[68],"tags":[911,1134,34,111,110,31,33,32,30],"class_list":{"0":"post-84269","1":"post","2":"type-post","3":"status-publish","4":"format-standard","5":"has-post-thumbnail","7":"category-sport","8":"tag-golf","9":"tag-henrik-stenson","10":"tag-se","11":"tag-sport","12":"tag-sports","13":"tag-svenska","14":"tag-sverige","15":"tag-sweden","16":"tag-swedish"},"share_on_mastodon":{"url":"https:\/\/pubeurope.com\/@se\/115572949844675145","error":""},"_links":{"self":[{"href":"https:\/\/www.europesays.com\/se\/wp-json\/wp\/v2\/posts\/84269","targetHints":{"allow":["GET"]}}],"collection":[{"href":"https:\/\/www.europesays.com\/se\/wp-json\/wp\/v2\/posts"}],"about":[{"href":"https:\/\/www.europesays.com\/se\/wp-json\/wp\/v2\/types\/post"}],"author":[{"embeddable":true,"href":"https:\/\/www.europesays.com\/se\/wp-json\/wp\/v2\/users\/2"}],"replies":[{"embeddable":true,"href":"https:\/\/www.europesays.com\/se\/wp-json\/wp\/v2\/comments?post=84269"}],"version-history":[{"count":0,"href":"https:\/\/www.europesays.com\/se\/wp-json\/wp\/v2\/posts\/84269\/revisions"}],"wp:featuredmedia":[{"embeddable":true,"href":"https:\/\/www.europesays.com\/se\/wp-json\/wp\/v2\/media\/84270"}],"wp:attachment":[{"href":"https:\/\/www.europesays.com\/se\/wp-json\/wp\/v2\/media?parent=84269"}],"wp:term":[{"taxonomy":"category","embeddable":true,"href":"https:\/\/www.europesays.com\/se\/wp-json\/wp\/v2\/categories?post=84269"},{"taxonomy":"post_tag","embeddable":true,"href":"https:\/\/www.europesays.com\/se\/wp-json\/wp\/v2\/tags?post=84269"}],"curies":[{"name":"wp","href":"https:\/\/api.w.org\/{rel}","templated":true}]}}