{"id":84275,"date":"2025-11-18T22:21:09","date_gmt":"2025-11-18T22:21:09","guid":{"rendered":"https:\/\/www.europesays.com\/se\/84275\/"},"modified":"2025-11-18T22:21:09","modified_gmt":"2025-11-18T22:21:09","slug":"fotboll-gustav-lundgren-raddade-sverige-fran-nytt-fiasko","status":"publish","type":"post","link":"https:\/\/www.europesays.com\/se\/84275\/","title":{"rendered":"Fotboll: Gustav Lundgren r\u00e4ddade Sverige fr\u00e5n nytt fiasko"},"content":{"rendered":"<p>Se matchens b\u00e5da m\u00e5l i spelaren ovan.<\/p>\n<p>Bl\u00e5gult kom till spel med en rej\u00e4lt roterad elva fr\u00e5n senast mot Schweiz, Graham Potter gjorde hela nio \u00e4ndringar.<\/p>\n<p>Bland andra Carl Starfelt fick chansen i f\u00f6rsvaret. Och han kom att bli en av huvudpersonerna n\u00e4r Slovenien gav Sverige en kalldusch i den andra halvleken.<\/p>\n<p>En miss i uppspelet ledde till slovensk kontring och n\u00e5gra sekunder senare hade Timi Elsnik petat in 1-0 f\u00f6r g\u00e4sterna.<\/p>\n<p>\u2013 Tyv\u00e4rr s\u00e5 k\u00e4nner vi igen den h\u00e4r typen av misstag. Denna g\u00e5ng \u00e4r det Carl Starfelt som missar passen och blir bortgjord p\u00e5 kanten, s\u00e4ger SVT Sport expert Mikael Lustig.<\/p>\n<p>Debutanten r\u00e4ddade Potter<\/p>\n<p>Men publiken p\u00e5 Nationalarenan skulle f\u00e5 jubla. Med bara ett par minuter kvar att spela hamnade bollen hos Gustav Lundgren i straffomr\u00e5det. Debutanten var iskall och tryckte dit 1\u20131.<\/p>\n<p>\u2013 Alexander Bernhardsson ligger bakom m\u00e5let. Han har kanske varit en av Sveriges b\u00e4sta spelare sedan han kom in. Fint inl\u00e4gg, Lagerbielke nickar ned den och Gustav Lundgren sm\u00e4ller dit den, s\u00e4ger Mikael Lustig.<\/p>\n<p>Playoff v\u00e4ntar \u2013 trots fiaskot<\/p>\n<p>En l\u00e4ttnadens suck f\u00f6r Graham Potter d\u00e4rmed. Tungt dock i den f\u00f6rsta halvleken n\u00e4r han fick se \u00e4nnu en skada. Denna g\u00e5ng var det Ken Sema som haltade av och in byttes Emil Forsberg, till stort jubel.<\/p>\n<p>\u2013 Man kunde se att det var sista matchen. Det g\u00e4llde inte s\u00e5 mycket f\u00f6r n\u00e5gon av oss. Det var fram och tillbaka, s\u00e4ger Forsberg till SVT Sport.<\/p>\n<p>\u2013 Jag tycker att m\u00e5nga tar f\u00f6r sig i sin f\u00f6rsta landskamp fr\u00e5n start. Kul att se, forts\u00e4tter Forsberg.<\/p>\n<p>Po\u00e4ngen till trots \u00e4r VM-kvalfiaskot fullbordat f\u00f6r svensk del. Sist i gruppen med endast tv\u00e5 po\u00e4ng och fyra gjorda m\u00e5l. Men trots det v\u00e4ntar playoff till VM n\u00e4sta \u00e5r.<\/p>\n<p>Vilka man st\u00e4lls mot avg\u00f6rs p\u00e5 torsdag n\u00e4r det lottas.<\/p>\n<p>\u2013 Vi ska vinna oavsett. Det spelar ingen roll vem som kommer. Men det \u00e4r klart att man har bra minnen fr\u00e5n olika motst\u00e5ndare men det viktigaste \u00e4r att Sveriges landslag tar sig till VM, s\u00e4ger Forsberg.<\/p>\n","protected":false},"excerpt":{"rendered":"Se matchens b\u00e5da m\u00e5l i spelaren ovan. Bl\u00e5gult kom till spel med en rej\u00e4lt roterad elva fr\u00e5n senast&hellip;\n","protected":false},"author":2,"featured_media":84276,"comment_status":"","ping_status":"","sticky":false,"template":"","format":"standard","meta":{"footnotes":""},"categories":[5],"tags":[22,23,26,27,17,21,24,25,28,29,15,16,18,34,31,33,32,30,19,20],"class_list":{"0":"post-84275","1":"post","2":"type-post","3":"status-publish","4":"format-standard","5":"has-post-thumbnail","7":"category-rubriker","8":"tag-breaking-news","9":"tag-breakingnews","10":"tag-featured-news","11":"tag-featurednews","12":"tag-headlines","13":"tag-huvudnyheter","14":"tag-latest-news","15":"tag-latestnews","16":"tag-main-news","17":"tag-mainnews","18":"tag-news","19":"tag-nyheter","20":"tag-rubriker","21":"tag-se","22":"tag-svenska","23":"tag-sverige","24":"tag-sweden","25":"tag-swedish","26":"tag-top-stories","27":"tag-topstories"},"share_on_mastodon":{"url":"https:\/\/pubeurope.com\/@se\/115573036334577285","error":""},"_links":{"self":[{"href":"https:\/\/www.europesays.com\/se\/wp-json\/wp\/v2\/posts\/84275","targetHints":{"allow":["GET"]}}],"collection":[{"href":"https:\/\/www.europesays.com\/se\/wp-json\/wp\/v2\/posts"}],"about":[{"href":"https:\/\/www.europesays.com\/se\/wp-json\/wp\/v2\/types\/post"}],"author":[{"embeddable":true,"href":"https:\/\/www.europesays.com\/se\/wp-json\/wp\/v2\/users\/2"}],"replies":[{"embeddable":true,"href":"https:\/\/www.europesays.com\/se\/wp-json\/wp\/v2\/comments?post=84275"}],"version-history":[{"count":0,"href":"https:\/\/www.europesays.com\/se\/wp-json\/wp\/v2\/posts\/84275\/revisions"}],"wp:featuredmedia":[{"embeddable":true,"href":"https:\/\/www.europesays.com\/se\/wp-json\/wp\/v2\/media\/84276"}],"wp:attachment":[{"href":"https:\/\/www.europesays.com\/se\/wp-json\/wp\/v2\/media?parent=84275"}],"wp:term":[{"taxonomy":"category","embeddable":true,"href":"https:\/\/www.europesays.com\/se\/wp-json\/wp\/v2\/categories?post=84275"},{"taxonomy":"post_tag","embeddable":true,"href":"https:\/\/www.europesays.com\/se\/wp-json\/wp\/v2\/tags?post=84275"}],"curies":[{"name":"wp","href":"https:\/\/api.w.org\/{rel}","templated":true}]}}