{"id":84292,"date":"2025-11-18T22:45:14","date_gmt":"2025-11-18T22:45:14","guid":{"rendered":"https:\/\/www.europesays.com\/se\/84292\/"},"modified":"2025-11-18T22:45:14","modified_gmt":"2025-11-18T22:45:14","slug":"fotboll-gustav-lundgren-malskytt-i-debuten-for-sverige","status":"publish","type":"post","link":"https:\/\/www.europesays.com\/se\/84292\/","title":{"rendered":"Fotboll: Gustav Lundgren m\u00e5lskytt i debuten f\u00f6r Sverige"},"content":{"rendered":"<p>H\u00f6r Lundgren om k\u00e4nslan efter m\u00e5let i videon ovan: \u201dIngen van m\u00e5lg\u00f6rare\u201d<\/p>\n<p>Gais-stj\u00e4rnan Gustav Lundgren fick chansen fr\u00e5n start f\u00f6r Sverige mot Slovenien. D\u00e5 tackade han f\u00f6r f\u00f6rtroendet och kvitterade till 1\u20131 i den 87:e minuten.<\/p>\n<p>\u2013 J\u00e4ttestort och kul att f\u00e5 g\u00f6ra debut och kr\u00f6na det med ett m\u00e5l, s\u00e4ger han.<\/p>\n<p>Och forts\u00e4tter:<\/p>\n<p>\u2013 Men lite surt att inte vinna. Det \u00e4r det som st\u00f6r mig mest.<\/p>\n<p>Resultatet, 1\u20131, inneb\u00e4r att Sverige slutar sist i VM-kvalgruppen. Men dr\u00f6mmen om en VM-plats n\u00e4sta sommar lever alltj\u00e4mt d\u00e5 Sverige kommer att spela playoff f\u00f6r att ta sig dit.<\/p>\n<p>K\u00e4nner du att du har st\u00e4rkt dina chanser till att vara med i truppen d\u00e5?<\/p>\n<p>\u2013 Om man ser till att jag inte hade n\u00e5gon erfarenhet av landslaget tidigare och har gjort n\u00e5got p\u00e5 den h\u00e4r niv\u00e5n har jag v\u00e4l gjort n\u00e5got nu. Men det \u00e4r klart att m\u00e5nga spelare som spelar p\u00e5 en helt annan niv\u00e5 \u00e4r borta just nu\u2026 S\u00e5 jag t\u00e4nker inte s\u00e5 mycket p\u00e5 det och f\u00f6rs\u00f6ker njuta, s\u00e4ger han.<\/p>\n<p>Gjort kometkarri\u00e4r<\/p>\n<p>F\u00f6r fyra \u00e5r sedan spelade Lundgren med Onsala i division 2. Sedan dess har han gjort kometkarri\u00e4r tillsammans med Gais som har kl\u00e4ttrat hela v\u00e4gen till att spela i Europa n\u00e4sta \u00e5r. <\/p>\n<p>Han s\u00e4ger att det har varit en givande vecka med landslaget \u2013 och att det finns mycket som han tar med sig.<\/p>\n<p>\u2013 B\u00e5de som person och spelare. Det \u00e4r m\u00e5nga saker som jag tar med mig fr\u00e5n ledarskapet hos Graham och de andra. En stor erfarenhet, s\u00e4ger Lundgren.<\/p>\n","protected":false},"excerpt":{"rendered":"H\u00f6r Lundgren om k\u00e4nslan efter m\u00e5let i videon ovan: \u201dIngen van m\u00e5lg\u00f6rare\u201d Gais-stj\u00e4rnan Gustav Lundgren fick chansen fr\u00e5n&hellip;\n","protected":false},"author":2,"featured_media":84293,"comment_status":"","ping_status":"","sticky":false,"template":"","format":"standard","meta":{"footnotes":""},"categories":[5],"tags":[22,23,26,27,17,21,24,25,28,29,15,16,18,34,31,33,32,30,19,20],"class_list":{"0":"post-84292","1":"post","2":"type-post","3":"status-publish","4":"format-standard","5":"has-post-thumbnail","7":"category-rubriker","8":"tag-breaking-news","9":"tag-breakingnews","10":"tag-featured-news","11":"tag-featurednews","12":"tag-headlines","13":"tag-huvudnyheter","14":"tag-latest-news","15":"tag-latestnews","16":"tag-main-news","17":"tag-mainnews","18":"tag-news","19":"tag-nyheter","20":"tag-rubriker","21":"tag-se","22":"tag-svenska","23":"tag-sverige","24":"tag-sweden","25":"tag-swedish","26":"tag-top-stories","27":"tag-topstories"},"share_on_mastodon":{"url":"https:\/\/pubeurope.com\/@se\/115573130699841194","error":""},"_links":{"self":[{"href":"https:\/\/www.europesays.com\/se\/wp-json\/wp\/v2\/posts\/84292","targetHints":{"allow":["GET"]}}],"collection":[{"href":"https:\/\/www.europesays.com\/se\/wp-json\/wp\/v2\/posts"}],"about":[{"href":"https:\/\/www.europesays.com\/se\/wp-json\/wp\/v2\/types\/post"}],"author":[{"embeddable":true,"href":"https:\/\/www.europesays.com\/se\/wp-json\/wp\/v2\/users\/2"}],"replies":[{"embeddable":true,"href":"https:\/\/www.europesays.com\/se\/wp-json\/wp\/v2\/comments?post=84292"}],"version-history":[{"count":0,"href":"https:\/\/www.europesays.com\/se\/wp-json\/wp\/v2\/posts\/84292\/revisions"}],"wp:featuredmedia":[{"embeddable":true,"href":"https:\/\/www.europesays.com\/se\/wp-json\/wp\/v2\/media\/84293"}],"wp:attachment":[{"href":"https:\/\/www.europesays.com\/se\/wp-json\/wp\/v2\/media?parent=84292"}],"wp:term":[{"taxonomy":"category","embeddable":true,"href":"https:\/\/www.europesays.com\/se\/wp-json\/wp\/v2\/categories?post=84292"},{"taxonomy":"post_tag","embeddable":true,"href":"https:\/\/www.europesays.com\/se\/wp-json\/wp\/v2\/tags?post=84292"}],"curies":[{"name":"wp","href":"https:\/\/api.w.org\/{rel}","templated":true}]}}