{"id":84314,"date":"2025-11-19T00:11:18","date_gmt":"2025-11-19T00:11:18","guid":{"rendered":"https:\/\/www.europesays.com\/se\/84314\/"},"modified":"2025-11-19T00:11:18","modified_gmt":"2025-11-19T00:11:18","slug":"fick-tva-nya-hander-i-somras-ater-med-bestick-2","status":"publish","type":"post","link":"https:\/\/www.europesays.com\/se\/84314\/","title":{"rendered":"Fick tv\u00e5 nya h\u00e4nder i somras \u2013 \u00e4ter med bestick"},"content":{"rendered":"<p>Drygt tre m\u00e5nader efter operationen har patienten b\u00f6rjat anv\u00e4nda h\u00e4nderna till att skriva och \u00e4ta med bestick, skriver S\u00f6dersjukhuset (S\u00f6s) i ett pressmeddelande.<\/p>\n<p>\u00c4ven kirurger fr\u00e5n Karolinska universitetssjukhuset deltog.<\/p>\n<p>\u201dAtt f\u00f6rlora sina h\u00e4nder inneb\u00e4r ett stort lidande. Vi har haft kontakt med patienten i flera \u00e5r inf\u00f6r handtransplantationen. Nu \u00e4r det fantastiskt att se hur patienten gradvis \u00e5terf\u00e5r funktion i sina nya h\u00e4nder, vilket \u00e4r en process som tar l\u00e5ng tid och kr\u00e4ver omfattande rehabilitering\u201d, s\u00e4ger Tobias Laurell, verksamhetschef och handkirurg p\u00e5 S\u00f6s.<\/p>\n<p>Arbetsgruppen har varit redo f\u00f6r transplantationen i \u00f6ver tv\u00e5 \u00e5r, men har v\u00e4ntat p\u00e5 en donator som matchar. Blodgrupp, antikroppar, hudf\u00e4rg och storlek p\u00e5 h\u00e4nderna ska st\u00e4mma.<\/p>\n<p>H\u00e4nderna har klarat sig genom de f\u00f6rsta kritiska faserna, men slutresultatet vet man f\u00f6rst efter ett par \u00e5r. F\u00f6r att h\u00e4nderna inte ska st\u00f6tas bort kr\u00e4vs immunh\u00e4mmande behandling resten av livet.<\/p>\n<p>\u201dPatienten b\u00f6rjade med f\u00f6rberedande tr\u00e4ning flera \u00e5r f\u00f6re operationen och redan ett par dagar efter\u00e5t startade en omfattande rehabilitering\u201d, s\u00e4ger Henrietta Karl\u00e9n, arbetsterapeut p\u00e5 S\u00f6s.<\/p>\n<p>Det \u00e4r andra g\u00e5ngen som en dubbel handtransplantation genomf\u00f6rs i Sverige. Den f\u00f6rsta gjordes p\u00e5 Sahlgrenska i G\u00f6teborg 2020.<\/p>\n","protected":false},"excerpt":{"rendered":"Drygt tre m\u00e5nader efter operationen har patienten b\u00f6rjat anv\u00e4nda h\u00e4nderna till att skriva och \u00e4ta med bestick, skriver&hellip;\n","protected":false},"author":2,"featured_media":84315,"comment_status":"","ping_status":"","sticky":false,"template":"","format":"standard","meta":{"footnotes":""},"categories":[12],"tags":[22,23,26,27,17,21,24,25,28,29,15,16,18,34,31,33,32,30,19,20],"class_list":{"0":"post-84314","1":"post","2":"type-post","3":"status-publish","4":"format-standard","5":"has-post-thumbnail","7":"category-sverige","8":"tag-breaking-news","9":"tag-breakingnews","10":"tag-featured-news","11":"tag-featurednews","12":"tag-headlines","13":"tag-huvudnyheter","14":"tag-latest-news","15":"tag-latestnews","16":"tag-main-news","17":"tag-mainnews","18":"tag-news","19":"tag-nyheter","20":"tag-rubriker","21":"tag-se","22":"tag-svenska","23":"tag-sverige","24":"tag-sweden","25":"tag-swedish","26":"tag-top-stories","27":"tag-topstories"},"share_on_mastodon":{"url":"https:\/\/pubeurope.com\/@se\/115573468846681091","error":""},"_links":{"self":[{"href":"https:\/\/www.europesays.com\/se\/wp-json\/wp\/v2\/posts\/84314","targetHints":{"allow":["GET"]}}],"collection":[{"href":"https:\/\/www.europesays.com\/se\/wp-json\/wp\/v2\/posts"}],"about":[{"href":"https:\/\/www.europesays.com\/se\/wp-json\/wp\/v2\/types\/post"}],"author":[{"embeddable":true,"href":"https:\/\/www.europesays.com\/se\/wp-json\/wp\/v2\/users\/2"}],"replies":[{"embeddable":true,"href":"https:\/\/www.europesays.com\/se\/wp-json\/wp\/v2\/comments?post=84314"}],"version-history":[{"count":0,"href":"https:\/\/www.europesays.com\/se\/wp-json\/wp\/v2\/posts\/84314\/revisions"}],"wp:featuredmedia":[{"embeddable":true,"href":"https:\/\/www.europesays.com\/se\/wp-json\/wp\/v2\/media\/84315"}],"wp:attachment":[{"href":"https:\/\/www.europesays.com\/se\/wp-json\/wp\/v2\/media?parent=84314"}],"wp:term":[{"taxonomy":"category","embeddable":true,"href":"https:\/\/www.europesays.com\/se\/wp-json\/wp\/v2\/categories?post=84314"},{"taxonomy":"post_tag","embeddable":true,"href":"https:\/\/www.europesays.com\/se\/wp-json\/wp\/v2\/tags?post=84314"}],"curies":[{"name":"wp","href":"https:\/\/api.w.org\/{rel}","templated":true}]}}