{"id":84322,"date":"2025-11-19T01:20:08","date_gmt":"2025-11-19T01:20:08","guid":{"rendered":"https:\/\/www.europesays.com\/se\/84322\/"},"modified":"2025-11-19T01:20:08","modified_gmt":"2025-11-19T01:20:08","slug":"amd-fsr-redstone-far-lanseringsdatum","status":"publish","type":"post","link":"https:\/\/www.europesays.com\/se\/84322\/","title":{"rendered":"AMD FSR Redstone f\u00e5r lanseringsdatum"},"content":{"rendered":"<p><strong>En av cheferna hos AMD har via ett inl\u00e4gg p\u00e5 X med en kort trailer bekr\u00e4ftat att FSR Redstone kommer lanseras i december.<\/strong><\/p>\n<p>FSR Redstone \u00e4r AMD:s n\u00e4sta iteration av FidelityFX Super Resolution. Denna g\u00e5ng g\u00e5r AMD \u00f6ver till AI-baserade tekniker d\u00e4r man anv\u00e4nder sig av maskininl\u00e4rning f\u00f6r Ray Regeneration, Bilduppskalning, Frame Generation och vad som kallas Naural Radience Caching. Nu har det bekr\u00e4ftats att mjukvarupaketet har sin premi\u00e4r den 10 december.<\/p>\n<p>Ray Regeneration finns redan som en del av nylanserade Call of Duty: Black Ops 7. Den 10 december blir det d\u00e5 dags f\u00f6r hela paketet att bli tillg\u00e4ngligt. De rykten som tidigare cirkulerat ang\u00e5ende FSR Redstone har haft mots\u00e4gande p\u00e5st\u00e5enden vad g\u00e4ller de grafikkortsserier som mjukvarupaketet blir tillg\u00e4ngligt f\u00f6r. Redstone har ryktats bli tillg\u00e4ngligt p\u00e5 andra grafikkortsmodeller \u00e4n just Radeon-produkter. Andra rykten har menat att AMD vill erbjuda teknikerna f\u00f6r RDNA 2 (RX 6000), RDNA 3 (RX 7000) och RDNA 4 (RX 9000).<\/p>\n<p><img fetchpriority=\"high\" decoding=\"async\" class=\"alignnone size-large wp-image-1072893\" src=\"https:\/\/www.europesays.com\/se\/wp-content\/uploads\/2025\/11\/AMD-FSR-Redstone-1024x585.jpg\" alt=\"AMD FSR Redstone\" width=\"696\" height=\"398\"  \/><\/p>\n<p>Den korta trailer <a href=\"https:\/\/x.com\/JackMHuynh\/status\/1990794384833720504\" rel=\"nofollow\">AMD:s Jack Huynh<\/a> delat med sig av via X listar dock endast Radeon RX 9000-serien. S\u00e5ledes ser det ut som att FSR Redstone till en b\u00f6rjan blir exklusiv f\u00f6r AMD:s allra senaste grafikkort. Detta kan med lite tur komma att \u00e4ndras i framtiden. D\u00e4remot \u00e4r det ingenting som verkar vara bland AMD:s h\u00f6gsta prioriteringar just nu.<\/p>\n","protected":false},"excerpt":{"rendered":"En av cheferna hos AMD har via ett inl\u00e4gg p\u00e5 X med en kort trailer bekr\u00e4ftat att FSR&hellip;\n","protected":false},"author":2,"featured_media":71198,"comment_status":"","ping_status":"","sticky":false,"template":"","format":"standard","meta":{"footnotes":""},"categories":[66],"tags":[80,78,79,34,31,33,32,30,81,84,83,82],"class_list":{"0":"post-84322","1":"post","2":"type-post","3":"status-publish","4":"format-standard","5":"has-post-thumbnail","7":"category-vetenskap-och-teknik","8":"tag-science","9":"tag-science-and-technology","10":"tag-scienceandtechnology","11":"tag-se","12":"tag-svenska","13":"tag-sverige","14":"tag-sweden","15":"tag-swedish","16":"tag-technology","17":"tag-teknik","18":"tag-vetenskap","19":"tag-vetenskapteknik"},"share_on_mastodon":{"url":"https:\/\/pubeurope.com\/@se\/115573740482340971","error":""},"_links":{"self":[{"href":"https:\/\/www.europesays.com\/se\/wp-json\/wp\/v2\/posts\/84322","targetHints":{"allow":["GET"]}}],"collection":[{"href":"https:\/\/www.europesays.com\/se\/wp-json\/wp\/v2\/posts"}],"about":[{"href":"https:\/\/www.europesays.com\/se\/wp-json\/wp\/v2\/types\/post"}],"author":[{"embeddable":true,"href":"https:\/\/www.europesays.com\/se\/wp-json\/wp\/v2\/users\/2"}],"replies":[{"embeddable":true,"href":"https:\/\/www.europesays.com\/se\/wp-json\/wp\/v2\/comments?post=84322"}],"version-history":[{"count":0,"href":"https:\/\/www.europesays.com\/se\/wp-json\/wp\/v2\/posts\/84322\/revisions"}],"wp:featuredmedia":[{"embeddable":true,"href":"https:\/\/www.europesays.com\/se\/wp-json\/wp\/v2\/media\/71198"}],"wp:attachment":[{"href":"https:\/\/www.europesays.com\/se\/wp-json\/wp\/v2\/media?parent=84322"}],"wp:term":[{"taxonomy":"category","embeddable":true,"href":"https:\/\/www.europesays.com\/se\/wp-json\/wp\/v2\/categories?post=84322"},{"taxonomy":"post_tag","embeddable":true,"href":"https:\/\/www.europesays.com\/se\/wp-json\/wp\/v2\/tags?post=84322"}],"curies":[{"name":"wp","href":"https:\/\/api.w.org\/{rel}","templated":true}]}}