{"id":84326,"date":"2025-11-19T01:46:07","date_gmt":"2025-11-19T01:46:07","guid":{"rendered":"https:\/\/www.europesays.com\/se\/84326\/"},"modified":"2025-11-19T01:46:07","modified_gmt":"2025-11-19T01:46:07","slug":"fem-turister-doda-i-chile","status":"publish","type":"post","link":"https:\/\/www.europesays.com\/se\/84326\/","title":{"rendered":"Fem turister d\u00f6da i Chile"},"content":{"rendered":"<p class=\"boxtextgrotesk-root_baa6 hyperion-css-7pajle\">Publicerad 2025-11-18 22.33<\/p>\n<p>share-arrowDela<\/p>\n<p>unsaveSpara<\/p>\n<p class=\"hyperion-css-1shl3oz\" data-test-tag=\"lead-text\">Fem turister i Chile har d\u00f6tt efter att ha \u00f6verraskats av en sn\u00f6storm.<\/p>\n<p class=\"hyperion-css-1v9qo5x\">De fem \u2013 tv\u00e5 fr\u00e5n Mexiko, tv\u00e5 tyskar och en britt \u2013 befann sig i nationalparken Torres del Paine i Patagonien n\u00e4r ov\u00e4dret slog till.<\/p>\n<p class=\"hyperion-css-1v9qo5x\">Fyra personer r\u00e4ddades, varken eventuellt skadel\u00e4ge eller nationalitet f\u00f6r dessa har meddelats.<\/p>\n","protected":false},"excerpt":{"rendered":"Publicerad 2025-11-18 22.33 share-arrowDela unsaveSpara Fem turister i Chile har d\u00f6tt efter att ha \u00f6verraskats av en sn\u00f6storm.&hellip;\n","protected":false},"author":2,"featured_media":465,"comment_status":"","ping_status":"","sticky":false,"template":"","format":"standard","meta":{"footnotes":""},"categories":[14],"tags":[22,23,26,27,17,21,24,25,28,29,15,16,18,34,31,33,32,30,19,20,51,52,53,54],"class_list":{"0":"post-84326","1":"post","2":"type-post","3":"status-publish","4":"format-standard","5":"has-post-thumbnail","7":"category-varlden","8":"tag-breaking-news","9":"tag-breakingnews","10":"tag-featured-news","11":"tag-featurednews","12":"tag-headlines","13":"tag-huvudnyheter","14":"tag-latest-news","15":"tag-latestnews","16":"tag-main-news","17":"tag-mainnews","18":"tag-news","19":"tag-nyheter","20":"tag-rubriker","21":"tag-se","22":"tag-svenska","23":"tag-sverige","24":"tag-sweden","25":"tag-swedish","26":"tag-top-stories","27":"tag-topstories","28":"tag-varlden","29":"tag-world","30":"tag-world-news","31":"tag-worldnews"},"share_on_mastodon":{"url":"https:\/\/pubeurope.com\/@se\/115573842455061585","error":""},"_links":{"self":[{"href":"https:\/\/www.europesays.com\/se\/wp-json\/wp\/v2\/posts\/84326","targetHints":{"allow":["GET"]}}],"collection":[{"href":"https:\/\/www.europesays.com\/se\/wp-json\/wp\/v2\/posts"}],"about":[{"href":"https:\/\/www.europesays.com\/se\/wp-json\/wp\/v2\/types\/post"}],"author":[{"embeddable":true,"href":"https:\/\/www.europesays.com\/se\/wp-json\/wp\/v2\/users\/2"}],"replies":[{"embeddable":true,"href":"https:\/\/www.europesays.com\/se\/wp-json\/wp\/v2\/comments?post=84326"}],"version-history":[{"count":0,"href":"https:\/\/www.europesays.com\/se\/wp-json\/wp\/v2\/posts\/84326\/revisions"}],"wp:featuredmedia":[{"embeddable":true,"href":"https:\/\/www.europesays.com\/se\/wp-json\/wp\/v2\/media\/465"}],"wp:attachment":[{"href":"https:\/\/www.europesays.com\/se\/wp-json\/wp\/v2\/media?parent=84326"}],"wp:term":[{"taxonomy":"category","embeddable":true,"href":"https:\/\/www.europesays.com\/se\/wp-json\/wp\/v2\/categories?post=84326"},{"taxonomy":"post_tag","embeddable":true,"href":"https:\/\/www.europesays.com\/se\/wp-json\/wp\/v2\/tags?post=84326"}],"curies":[{"name":"wp","href":"https:\/\/api.w.org\/{rel}","templated":true}]}}