{"id":84327,"date":"2025-11-19T01:54:08","date_gmt":"2025-11-19T01:54:08","guid":{"rendered":"https:\/\/www.europesays.com\/se\/84327\/"},"modified":"2025-11-19T01:54:08","modified_gmt":"2025-11-19T01:54:08","slug":"usas-representanthus-och-senat-ger-gront-ljus-for-att-publicera-epsteindokumenten-utrikes","status":"publish","type":"post","link":"https:\/\/www.europesays.com\/se\/84327\/","title":{"rendered":"USA:s representant\u00adhus och senat ger gr\u00f6nt ljus f\u00f6r att publicera Epstein\u00addokumenten | Utrikes"},"content":{"rendered":"<p class=\"aw-1gybjub aw-5vja16 kEtdKx kmuxyA yle__article__paragraph\">Endast en ledamot r\u00f6stade mot en publicering av utredningen kring den \u00f6k\u00e4nde miljard\u00e4ren. <\/p>\n<p>Nu \u00e4r det upp till Trump att underteckna f\u00f6rslaget.<\/p>\n<p>18.11 21:55\u2022Uppdaterad 0:52<\/p>\n<p>Lyssna (du h\u00f6r en artificiell r\u00f6st) 1:47<\/p>\n<p class=\"aw-1gybjub aw-1p7kakr kEtdKx cEmitX yle__article__paragraph\">USA:s representanthus r\u00f6stade p\u00e5 tisdagskv\u00e4llen finsk tid med stor majoritet f\u00f6r att justitieministeriet ska tvingas offentligg\u00f6ra alla dokument som g\u00e4ller den avlidna sexualbrottslingen <strong class=\"aw-ak79eh KyCXm yle__article__strong\">Jeffrey Epstein<\/strong>.<\/p>\n<p class=\"aw-1gybjub aw-1p7kakr kEtdKx cEmitX yle__article__paragraph\">R\u00f6sterna f\u00f6ll 427\u20131. Den enda nej-r\u00f6sten kom fr\u00e5n republikanen <strong class=\"aw-ak79eh KyCXm yle__article__strong\">Clay Higgins<\/strong> fr\u00e5n Louisiana.<\/p>\n<p class=\"aw-1gybjub aw-1p7kakr kEtdKx cEmitX yle__article__paragraph\">Flera personer som uppges vara tidigare offer till Epstein fanns p\u00e5 plats i Kapitolium n\u00e4r omr\u00f6stningsresultatet tillk\u00e4nnagavs.<\/p>\n<p>Ocks\u00e5 senaten godk\u00e4nner f\u00f6rslaget<\/p>\n<p class=\"aw-1gybjub aw-1p7kakr kEtdKx cEmitX yle__article__paragraph\">\u00c4ven senaten, det amerikanska parlamentets \u00f6vre kammare, godk\u00e4nde offentligg\u00f6randet av dokumenten under tisdagen.<\/p>\n<p class=\"aw-1gybjub aw-1p7kakr kEtdKx cEmitX yle__article__paragraph\">Senaten r\u00f6stade inte om f\u00f6rslaget utan godk\u00e4nde det enh\u00e4lligt, n\u00e5gra timmar efter att Representanthuset gav f\u00f6rslaget gr\u00f6nt ljus.<\/p>\n<p class=\"aw-1gybjub aw-1p7kakr kEtdKx cEmitX yle__article__paragraph\">Fortfarande ska f\u00f6rslaget \u00e4nd\u00e5 rent fysiskt skickas \u00f6ver fr\u00e5n representanthuset till senaten, vilket v\u00e4ntas ske under onsdagen.<\/p>\n<p class=\"aw-1gybjub aw-1p7kakr kEtdKx cEmitX yle__article__paragraph\">Efter det g\u00e5r \u00e4rendet vidare till n\u00e4sta steg \u2013 det vill s\u00e4ga undertecknas av president <strong class=\"aw-ak79eh KyCXm yle__article__strong\">Donald Trump<\/strong>.<\/p>\n<p class=\"aw-1gybjub aw-1p7kakr kEtdKx cEmitX yle__article__paragraph\">Han har vetor\u00e4tt, men har tidigare sagt sig st\u00f6da det. Exakt n\u00e4r han v\u00e4ntas underteckna det \u00e4r oklart.<\/p>\n<p class=\"aw-1gybjub aw-1p7kakr kEtdKx cEmitX yle__article__paragraph\">Efter det ska justitieministeriet g\u00e5 igenom materialet, stryka namn p\u00e5 offer och sedan publicera dem. Det \u00e4r \u00e4nd\u00e5 m\u00f6jligt att det h\u00e4r drar ut p\u00e5 tiden eller blockeras, me h\u00e4nvisning till p\u00e5g\u00e5ende utredningar om fallet.<\/p>\n<p class=\"aw-1gybjub aw-1p7kakr kEtdKx cEmitX yle__article__paragraph\">Fr\u00e5gan om Epsteindokumenten har skapat stora sp\u00e4nningar bland Republikanerna, som slutligen gick samman och r\u00f6stade f\u00f6r f\u00f6rslaget.<\/p>\n<p class=\"aw-1gybjub aw-1p7kakr kEtdKx cEmitX yle__article__paragraph\">K\u00e4llor: Reuters, AFP<\/p>\n","protected":false},"excerpt":{"rendered":"Endast en ledamot r\u00f6stade mot en publicering av utredningen kring den \u00f6k\u00e4nde miljard\u00e4ren. Nu \u00e4r det upp till&hellip;\n","protected":false},"author":2,"featured_media":84328,"comment_status":"","ping_status":"","sticky":false,"template":"","format":"standard","meta":{"footnotes":""},"categories":[14],"tags":[22,23,385,26,27,17,21,3601,24,25,28,29,15,16,18,34,31,33,32,30,19,20,74,1643,237,51,52,53,54],"class_list":{"0":"post-84327","1":"post","2":"type-post","3":"status-publish","4":"format-standard","5":"has-post-thumbnail","7":"category-varlden","8":"tag-breaking-news","9":"tag-breakingnews","10":"tag-donald-trump","11":"tag-featured-news","12":"tag-featurednews","13":"tag-headlines","14":"tag-huvudnyheter","15":"tag-jeffrey-epstein","16":"tag-latest-news","17":"tag-latestnews","18":"tag-main-news","19":"tag-mainnews","20":"tag-news","21":"tag-nyheter","22":"tag-rubriker","23":"tag-se","24":"tag-svenska","25":"tag-sverige","26":"tag-sweden","27":"tag-swedish","28":"tag-top-stories","29":"tag-topstories","30":"tag-usa","31":"tag-usas-representanthus","32":"tag-utrikes","33":"tag-varlden","34":"tag-world","35":"tag-world-news","36":"tag-worldnews"},"share_on_mastodon":{"url":"https:\/\/pubeurope.com\/@se\/115573873876109579","error":""},"_links":{"self":[{"href":"https:\/\/www.europesays.com\/se\/wp-json\/wp\/v2\/posts\/84327","targetHints":{"allow":["GET"]}}],"collection":[{"href":"https:\/\/www.europesays.com\/se\/wp-json\/wp\/v2\/posts"}],"about":[{"href":"https:\/\/www.europesays.com\/se\/wp-json\/wp\/v2\/types\/post"}],"author":[{"embeddable":true,"href":"https:\/\/www.europesays.com\/se\/wp-json\/wp\/v2\/users\/2"}],"replies":[{"embeddable":true,"href":"https:\/\/www.europesays.com\/se\/wp-json\/wp\/v2\/comments?post=84327"}],"version-history":[{"count":0,"href":"https:\/\/www.europesays.com\/se\/wp-json\/wp\/v2\/posts\/84327\/revisions"}],"wp:featuredmedia":[{"embeddable":true,"href":"https:\/\/www.europesays.com\/se\/wp-json\/wp\/v2\/media\/84328"}],"wp:attachment":[{"href":"https:\/\/www.europesays.com\/se\/wp-json\/wp\/v2\/media?parent=84327"}],"wp:term":[{"taxonomy":"category","embeddable":true,"href":"https:\/\/www.europesays.com\/se\/wp-json\/wp\/v2\/categories?post=84327"},{"taxonomy":"post_tag","embeddable":true,"href":"https:\/\/www.europesays.com\/se\/wp-json\/wp\/v2\/tags?post=84327"}],"curies":[{"name":"wp","href":"https:\/\/api.w.org\/{rel}","templated":true}]}}