{"id":84426,"date":"2025-11-19T05:29:07","date_gmt":"2025-11-19T05:29:07","guid":{"rendered":"https:\/\/www.europesays.com\/se\/84426\/"},"modified":"2025-11-19T05:29:07","modified_gmt":"2025-11-19T05:29:07","slug":"lena-olins-klipp-i-infekterade-arvstvisten","status":"publish","type":"post","link":"https:\/\/www.europesays.com\/se\/84426\/","title":{"rendered":"Lena Olins klipp i infekterade arvstvisten"},"content":{"rendered":"<p>Publicerad 19 nov 2025 kl 06.15<\/p>\n<p>Den infekterade arvstvisten om pengar och en villa i fashionabla Skan\u00f6r-Falsterbo \u00e4r avgjord.<\/p>\n<p>Sk\u00e5despelaren Lena Olin, 70, kan fira.<\/p>\n<p>Hon fick sin vilja igenom efter \u00f6ver ett \u00e5rs br\u00e5kande i domstol.<\/p>\n<p> S\u00e5 mycket pengar handlar det om.<\/p>\n<p><img   alt=\"\"\/><\/p>\n<p>Lena Olin.<\/p>\n<p>Foto: IDA \u00c5KESSON \/ IDA \u00c5KESSON\/SWEDISH PRESS AGENCY<\/p>\n<p>\u00d6ppna bild i helsk\u00e4rm<img loading=\"lazy\"   alt=\"\"\/><\/p>\n<p>Mats Olin 2011.<\/p>\n<p>Foto: Lizzie Larsson \/ IBL<\/p>\n<p>\u00d6ppna bild i helsk\u00e4rm<img loading=\"lazy\"   alt=\"\"\/><\/p>\n<p>Dr\u00f6narbild \u00f6ver Skan\u00f6r.<\/p>\n<p>Foto: KV\u00c4LLSPOSTEN\/EXP<\/p>\n<p>\u00d6ppna bild i helsk\u00e4rm<\/p>\n<p>Striden mellan <a href=\"https:\/\/www.expressen.se\/tagg\/person\/lena-olin\/\" class=\"\" rel=\"nofollow noopener\" target=\"_blank\">Lena Olin<\/a> och de tv\u00e5 svarande om ett m\u00e5ngmiljonarv \u00e4r avgjord genom f\u00f6rlikning. Det meddelar Stockholms tingsr\u00e4tt i en dom.<\/p>\n<p>\u201dI och med denna f\u00f6rlikning \u00e4r parternas samtliga mellanhavanden med anledning av f\u00f6revarande tvist slutligt reglerade\u201d, skriver domstolen.<\/p>\n<p>Tvisten handlar om kvarl\u00e5tenskapen efter stj\u00e4rnsk\u00e5disens bror Mats Olin. Han var sk\u00e5despelare och s\u00e5ngare och hade 1967 hade en superhit med \u201dJag tror p\u00e5 sommaren\u201d. Mats Olin avled 2023 efter l\u00e5ng tids sjukdom.<\/p>\n<p>I hans arv ingick bland annat 50 procent av en villa i Skan\u00f6r-Falsterbo. Den andra halvan tillh\u00f6r Lena Olin som tillbringat barndomens somrar i huset. I arvet ingick \u00e4ven en summa p\u00e5 300 000 kronor.<\/p>\n<p>Men enligt ett testamente fr\u00e5n 2004 ville Mats Olin inte att att den k\u00e4nda lillasystern skulle f\u00e5 n\u00e5got av hans arv, trots att hon var n\u00e4rmaste arvinge.\u00a0<\/p>\n<p>Ist\u00e4llet namngavs tre andra sl\u00e4ktingar.\u00a0<\/p>\n<p>Testamentet gjorde i praktiken Lena Olin arvl\u00f6s.<\/p>\n<p>V\u00e4rderat till n\u00e4ra 8 miljoner<\/p>\n<p>Huset i Falsterbo byggdes 1934 och har en boyta p\u00e5 101 kvadratmeter. Tomten \u00e4r p\u00e5 1 250 kvadratmeter och har tillsammans med huset ett taxeringsv\u00e4rde p\u00e5 \u00f6ver fyra miljoner kronor.<\/p>\n<p>Men marknadsv\u00e4rdet \u00e4r mycket h\u00f6gre. Enligt Booli \u00e4r huset och tomten v\u00e4rderat till n\u00e4stan \u00e5tta miljoner kronor.<\/p>\n<p>Sommaren 2024 gick Lena Olin till domstol f\u00f6r att bestrida testamentet.\u00a0<\/p>\n<p>Det h\u00f6lls en f\u00f6rberedande muntlig f\u00f6rhandling i m\u00e5let, och i en deldom slog Stockholms tingsr\u00e4tt fast att Lena Olin har b\u00e4ttre r\u00e4tt till kvarl\u00e5tenskapen \u00e4n en av sl\u00e4ktingarna.<\/p>\n<p>Sl\u00e4ktingen hade dock medgett talan i \u00e4rendet, vilket p\u00e5 juristsvenska inneb\u00e4r att han accepterat, eller \u00e5tminstone inte mots\u00e4tter sig sin Olins krav.<\/p>\n<p>S\u00e5 mycket tvingas Lena Olin betala<\/p>\n<p>De tv\u00e5 \u00f6vriga sl\u00e4ktingarna har dock st\u00e4llt sig kallsinniga till Lena Olins anspr\u00e5k. En r\u00e4tteg\u00e5ng var planerad under h\u00f6sten 2025 men nu kommer beskedet om en f\u00f6rlikning.<\/p>\n<p>Lena Olin ska enligt \u00f6verenskommelsen betala 225 000 kronor var till de tv\u00e5 sl\u00e4ktingarna.<\/p>\n<p>De avs\u00e4ger sig d\u00e4rmed all r\u00e4tt enligt Mats Olins testamente och \u00e4r inte l\u00e4ngre del\u00e4gare i hans d\u00f6dsbo. Parterna ska sj\u00e4lva st\u00e5 f\u00f6r sina r\u00e4tteg\u00e5ngskostnader.<\/p>\n<p>\u201dVarken jag eller mina klienter har n\u00e5gon kommentar ang\u00e5ende f\u00f6rlikningen\u201d, skriver parternas jurist Peter Bolmstedt i ett meddelande till Expressen.<\/p>\n<p>Expressen har s\u00f6kt Lena Olins juridiska ombud.<\/p>\n","protected":false},"excerpt":{"rendered":"Publicerad 19 nov 2025 kl 06.15 Den infekterade arvstvisten om pengar och en villa i fashionabla Skan\u00f6r-Falsterbo \u00e4r&hellip;\n","protected":false},"author":2,"featured_media":84427,"comment_status":"","ping_status":"","sticky":false,"template":"","format":"standard","meta":{"footnotes":""},"categories":[67],"tags":[104,2853,34,31,33,32,30,136,105],"class_list":{"0":"post-84426","1":"post","2":"type-post","3":"status-publish","4":"format-standard","5":"has-post-thumbnail","7":"category-underhallning","8":"tag-entertainment","9":"tag-person-lena-olin","10":"tag-se","11":"tag-svenska","12":"tag-sverige","13":"tag-sweden","14":"tag-swedish","15":"tag-topic-rattegangar-domar","16":"tag-underhallning"},"share_on_mastodon":{"url":"https:\/\/pubeurope.com\/@se\/115574719389464189","error":""},"_links":{"self":[{"href":"https:\/\/www.europesays.com\/se\/wp-json\/wp\/v2\/posts\/84426","targetHints":{"allow":["GET"]}}],"collection":[{"href":"https:\/\/www.europesays.com\/se\/wp-json\/wp\/v2\/posts"}],"about":[{"href":"https:\/\/www.europesays.com\/se\/wp-json\/wp\/v2\/types\/post"}],"author":[{"embeddable":true,"href":"https:\/\/www.europesays.com\/se\/wp-json\/wp\/v2\/users\/2"}],"replies":[{"embeddable":true,"href":"https:\/\/www.europesays.com\/se\/wp-json\/wp\/v2\/comments?post=84426"}],"version-history":[{"count":0,"href":"https:\/\/www.europesays.com\/se\/wp-json\/wp\/v2\/posts\/84426\/revisions"}],"wp:featuredmedia":[{"embeddable":true,"href":"https:\/\/www.europesays.com\/se\/wp-json\/wp\/v2\/media\/84427"}],"wp:attachment":[{"href":"https:\/\/www.europesays.com\/se\/wp-json\/wp\/v2\/media?parent=84426"}],"wp:term":[{"taxonomy":"category","embeddable":true,"href":"https:\/\/www.europesays.com\/se\/wp-json\/wp\/v2\/categories?post=84426"},{"taxonomy":"post_tag","embeddable":true,"href":"https:\/\/www.europesays.com\/se\/wp-json\/wp\/v2\/tags?post=84426"}],"curies":[{"name":"wp","href":"https:\/\/api.w.org\/{rel}","templated":true}]}}