{"id":84611,"date":"2025-11-19T09:33:10","date_gmt":"2025-11-19T09:33:10","guid":{"rendered":"https:\/\/www.europesays.com\/se\/84611\/"},"modified":"2025-11-19T09:33:10","modified_gmt":"2025-11-19T09:33:10","slug":"kopenhamn-skickar-varningssignal-till-s-i-sverige","status":"publish","type":"post","link":"https:\/\/www.europesays.com\/se\/84611\/","title":{"rendered":"K\u00f6penhamn skickar varningssignal till S i Sverige"},"content":{"rendered":"<p><strong>De progressiva storst\u00e4derna g\u00e5r till v\u00e4nster. Tre t\u00e4nkbara f\u00f6rklaringar till att S i Sverige inte ser samma utveckling.\u00a0<\/strong><\/p>\n<p>Morgonen bj\u00f6d p\u00e5 tv\u00e5 dramatiskt olika budskap till svensk socialdemokrati. Det ena var DN\/Ipsos nya opinionsm\u00e4tning, som visar att S m\u00e5r b\u00e4ttre \u00e4n p\u00e5 mycket l\u00e4nge. Hela 36 procent skulle r\u00f6sta p\u00e5 partiet om det vore val i dag, samtidigt som Liberalerna hamnar p\u00e5 tv\u00e5 procent avrundat upp\u00e5t och Kristdemokraterna p\u00e5 fyra procent avrundat upp\u00e5t. Kris i Tid\u00f6g\u00e4nget. Bubbel p\u00e5 Sveav\u00e4gen 68.<\/p>\n<p>Det andra var kommunalvalet i Danmark. Det blev ett ras av episka proportioner f\u00f6r de danska Socialdemokraterna. Totalt \u00f6ver hela landet tappade partiet<\/p>\n<p>Riktigt illa f\u00f6r S gick det i K\u00f6penhamn, d\u00e4r endast 12,7 procent r\u00f6stade p\u00e5 det parti som p\u00e5 ett eller annat s\u00e4tt styrt huvudstaden under svindlande 122 \u00e5r. Segrare blev socialistiska Enhetslistan, som fick 22,1 procent, och Socialistisk Folkeparti, som fick 17,9.<\/p>\n<p>F\u00f6rv\u00e4ntad utveckling<\/p>\n<p>Egentligen borde den h\u00e4r utvecklingen inte f\u00f6rv\u00e5na. Under Mette Frederiksens ledning har dansk socialdemokrati p\u00e5 ett konsekvent s\u00e4tt r\u00f6rt sig mot det h\u00f6gerpopulistiska Dansk Folkepartis h\u00e5llning i fr\u00e5gor som r\u00f6r migration, kriminalpolitik och vad man lite f\u00f6renklat skulle kalla f\u00f6r traditionella nationalistiska v\u00e4rderingar. Partiets gruppledare i Folketinget, Henrik Sass Larsen, sade att det inte skulle g\u00e5 att pressa in ett A4-ark mellan Socialdemokraternas och Dansk Folkepartis flyktingpolitik.<\/p>\n<p>Samtidigt satsade partiet h\u00e5rt p\u00e5 att profilera sig i mer klassiska j\u00e4mlikhetsfr\u00e5gor, den omtalade \u201cArnepensionen\u201d, f\u00f6r de som b\u00f6rjat jobba tidigt i livet och inte orkar arbeta fram till den ordinarie pensionen, har varit ett exempel p\u00e5 den politiken.<\/p>\n<p>Egentligen har politiken inte n\u00e5gon g\u00e5ng lett till stora v\u00e4ljarframg\u00e5ngar f\u00f6r just Socialdemokraterna, men v\u00e4l f\u00f6r v\u00e4nsterblocket som helhet.<\/p>\n<p>Lite f\u00f6renklat kan man s\u00e4ga att Socialdemokraterna i Danmark p\u00e5 det viset under de senaste tio \u00e5ren har lockat \u00f6ver en del av h\u00f6gerns v\u00e4ljare till v\u00e4nsterblocket, samtidigt som Enhetslistan och Socialistisk Folkeparti har vuxit d\u00e5 mer v\u00e4ljare som varit mer liberala, gr\u00f6na och progressiva l\u00e4mnat Mette Frederiksens parti.<\/p>\n<p>Detta har varit s\u00e4rskilt tydligt just i storst\u00e4derna, som\u00a0alltid varit m\u00e5ngkulturella, myllrande platser, d\u00e4r progressiva v\u00e4rderingar l\u00e4ttare f\u00e5tt f\u00e4ste \u00e4n p\u00e5 landsbygden.<\/p>\n<p>Och ig\u00e5r ledde det allts\u00e5 till en brakf\u00f6rlust f\u00f6r S. En f\u00f6rlust som den h\u00e4r g\u00e5ngen inte heller begr\u00e4nsades till de st\u00f6rsta st\u00e4derna. S tappade st\u00f6d i 87 av 98 kommuner. I Fredrikshavn, ett klassiskt arbetarf\u00e4ste, halverades partiet. Men d\u00e4r var det h\u00f6gerpartiet Venstre som tog hem segern.<\/p>\n<p>Det borde bli en varningsklocka f\u00f6r svensk socialdemokrati.<\/p>\n<p>Tre t\u00e4nkbara f\u00f6rklaringar till skillnaden<\/p>\n<p>I takt med att Sverigedemokraterna \u00f6kat sitt v\u00e4ljarst\u00f6d har S r\u00f6rt sig i samma riktning som sina danska partiv\u00e4nner. Flera socialdemokratiska valanalyser har dragit slutsatsen att S har v\u00e4nt sig f\u00f6r mycket till storstadsv\u00e4ljarna, medelklassen och de med mer urbana v\u00e4rderingar. F\u00f6r\u00e4ndringen \u00e4r tydligt markerad b\u00e5de i konkreta politiska f\u00f6rslag inom migrations- och kriminalpolitiken (som att fjorton\u00e5ringar ska kunna d\u00f6mas till f\u00e4ngelse, att eller att hela s\u00f6dra Storstockholm borde bli en visitationszon) och i det partiprogram som antogs p\u00e5 partikongressen tidigare i \u00e5r.<\/p>\n<p>Magdalena Andersson betonar ofta att partiet gjort en f\u00f6rflyttning p\u00e5 dessa omr\u00e5den.<\/p>\n<p>S\u00e5 vad ska man dra f\u00f6r slutsatser av att det nu g\u00e5r \u00e5t pipan i Danmark, men att vi just nu inte alls ser den utvecklingen i Sverige?<\/p>\n<p>En f\u00f6rklaring kan vara regeringsmakten. Mette Frederiksen har varit statsminister sedan 2019, genom pandemin och de ekonomiska sv\u00e5righeter som f\u00f6ljt av b\u00e5de den, kriget i Ukraina och Donald Trumps koleriska presidenttid. Det kostar att sitta vid makten i besv\u00e4rliga tider.<\/p>\n<p>En annan tolkning skulle kunna vara att de svenska v\u00e4ljarna ligger mer i fas med den f\u00f6rskjutning som S gjort. Det skulle f\u00f6rklara varf\u00f6r V\u00e4nsterpartiet och Milj\u00f6partiet \u00e4nnu inte sett n\u00e5gon tydlig \u00f6kning i st\u00f6d.<\/p>\n<p>En tredje f\u00f6rklaring kan vara att Socialdemokraterna i Sverige inte tagit steget fullt ut p\u00e5 samma s\u00e4tt som de danska Socialdemokraterna. Att st\u00e4nga gr\u00e4nserna \u00e4r en sak, i m\u00e5ngt och mycket vad som \u00e4r praktiskt genomf\u00f6rbart f\u00f6r att samh\u00e4llet ska fungera som man vill. Att anv\u00e4nda islamofobiska troper och str\u00e4va bort fr\u00e5n den m\u00e5ngfald som de facto finns i samh\u00e4llet \u00e4r n\u00e5got helt annat. Det handlar v\u00e4l i grunden om det s\u00e5 kallade kulturkriget, och \u00e4ven d\u00e4r har dansk socialdemokrati hamnat n\u00e4ra den populistiska h\u00f6gern.<\/p>\n<p>Samma kv\u00e4ll som valet h\u00f6lls i Danmark presenterade Magdalena Andersson sin nya bok p\u00e5 ett arrangemang i Stockholm. I ett samtal med partikollegan Lawen Redar var hon mycket noga med att betona att de som kommit till v\u00e5rt land och lever h\u00e4r nu \u00e4r v\u00e4lkomna, att samh\u00e4llet ska g\u00f6ra allt f\u00f6r att de f\u00e5r ett jobb, att skolan f\u00f6r deras barn blir bra och att v\u00e4lf\u00e4rden fungerar.<\/p>\n<p>Mot bakgrund av g\u00e5rdagens val i Danmark finns det nog sk\u00e4l att h\u00e5lla benh\u00e5rt fast vid den distinktionen.<\/p>\n<p><strong>Jesper Bengtsson<\/strong><\/p>\n","protected":false},"excerpt":{"rendered":"De progressiva storst\u00e4derna g\u00e5r till v\u00e4nster. Tre t\u00e4nkbara f\u00f6rklaringar till att S i Sverige inte ser samma utveckling.\u00a0&hellip;\n","protected":false},"author":2,"featured_media":84612,"comment_status":"","ping_status":"","sticky":false,"template":"","format":"standard","meta":{"footnotes":""},"categories":[5],"tags":[22,23,26,27,17,21,24,25,28,29,15,16,18,34,31,33,32,30,19,20],"class_list":{"0":"post-84611","1":"post","2":"type-post","3":"status-publish","4":"format-standard","5":"has-post-thumbnail","7":"category-rubriker","8":"tag-breaking-news","9":"tag-breakingnews","10":"tag-featured-news","11":"tag-featurednews","12":"tag-headlines","13":"tag-huvudnyheter","14":"tag-latest-news","15":"tag-latestnews","16":"tag-main-news","17":"tag-mainnews","18":"tag-news","19":"tag-nyheter","20":"tag-rubriker","21":"tag-se","22":"tag-svenska","23":"tag-sverige","24":"tag-sweden","25":"tag-swedish","26":"tag-top-stories","27":"tag-topstories"},"share_on_mastodon":{"url":"https:\/\/pubeurope.com\/@se\/115575678836948926","error":""},"_links":{"self":[{"href":"https:\/\/www.europesays.com\/se\/wp-json\/wp\/v2\/posts\/84611","targetHints":{"allow":["GET"]}}],"collection":[{"href":"https:\/\/www.europesays.com\/se\/wp-json\/wp\/v2\/posts"}],"about":[{"href":"https:\/\/www.europesays.com\/se\/wp-json\/wp\/v2\/types\/post"}],"author":[{"embeddable":true,"href":"https:\/\/www.europesays.com\/se\/wp-json\/wp\/v2\/users\/2"}],"replies":[{"embeddable":true,"href":"https:\/\/www.europesays.com\/se\/wp-json\/wp\/v2\/comments?post=84611"}],"version-history":[{"count":0,"href":"https:\/\/www.europesays.com\/se\/wp-json\/wp\/v2\/posts\/84611\/revisions"}],"wp:featuredmedia":[{"embeddable":true,"href":"https:\/\/www.europesays.com\/se\/wp-json\/wp\/v2\/media\/84612"}],"wp:attachment":[{"href":"https:\/\/www.europesays.com\/se\/wp-json\/wp\/v2\/media?parent=84611"}],"wp:term":[{"taxonomy":"category","embeddable":true,"href":"https:\/\/www.europesays.com\/se\/wp-json\/wp\/v2\/categories?post=84611"},{"taxonomy":"post_tag","embeddable":true,"href":"https:\/\/www.europesays.com\/se\/wp-json\/wp\/v2\/tags?post=84611"}],"curies":[{"name":"wp","href":"https:\/\/api.w.org\/{rel}","templated":true}]}}