{"id":84617,"date":"2025-11-19T09:39:20","date_gmt":"2025-11-19T09:39:20","guid":{"rendered":"https:\/\/www.europesays.com\/se\/84617\/"},"modified":"2025-11-19T09:39:20","modified_gmt":"2025-11-19T09:39:20","slug":"supervag-i-europa-for-att-stoppa-ryssland","status":"publish","type":"post","link":"https:\/\/www.europesays.com\/se\/84617\/","title":{"rendered":"Superv\u00e4g i Europa f\u00f6r att stoppa Ryssland"},"content":{"rendered":"<p>Publicerad 18 nov 2025 kl 20.49Uppdaterad kl 22.00<\/p>\n<p>I dag tar det drygt 45 dagar f\u00f6r en arm\u00e9 att flytta sig fr\u00e5n Rotterdam till Europas \u00f6stfront.<\/p>\n<p>F\u00f6r att det ska g\u00e5 snabbare vill EU nu skapa ett \u201dmilit\u00e4rt Schengen\u201d.<\/p>\n<p>\u2013 Vi \u00e4r bara trov\u00e4rdiga om vi har planer \u2013 och \u00e4r redo, s\u00e4ger den tyska generalen Alexander Sollfrank till <a href=\"https:\/\/www.ft.com\/content\/0a07238e-3657-4d1b-8460-35cfc6f8cd66\" rel=\"nofollow noopener\" target=\"_blank\">Financial Times.<\/a><\/p>\n<p>Senaste klippen om kriget i Ukraina.<img   alt=\"\"\/><\/p>\n<p>I veckan saboterades en polsk j\u00e4rnv\u00e4g av flera spr\u00e4ngladdningar.<\/p>\n<p>Foto: AA \/ STELLA PICTURES<\/p>\n<p>\u00d6ppna bild i helsk\u00e4rm<img loading=\"lazy\"   alt=\"\"\/><\/p>\n<p>I dag tar det drygt 45 dagar f\u00f6r en arm\u00e9 att flytta sig fr\u00e5n Rotterdam till Europas \u00f6stfront.<\/p>\n<p>Foto: DOMINIKA ZARZYCKA\/NURPHOTO\/SHUTTERSTOCK \/ DOMINIKA ZARZYCKA\/NURPHOTO\/SHUTTERSTOCK SHUTTERSTO<\/p>\n<p>\u00d6ppna bild i helsk\u00e4rm<img loading=\"lazy\"   alt=\"\"\/><\/p>\n<p>Rysslands president Vladimir Putin.<\/p>\n<p>Foto: RAMIL SITDIKOV\/REUTERS \/ POOL \/ EPA REUTERS\/POOL<\/p>\n<p>\u00d6ppna bild i helsk\u00e4rm<\/p>\n<p>Europa har stora problem n\u00e4r det g\u00e4ller milit\u00e4r infrastruktur.<\/p>\n<p>F\u00f6rfallna broar, olika sp\u00e5rvidder och en labyrint av byr\u00e5krati g\u00f6r att det i dag tar en och en halv m\u00e5nad f\u00f6r exempelvis amerikanska trupper att ta sig fr\u00e5n hamnarna i v\u00e4st till l\u00e4nder n\u00e4ra <a href=\"https:\/\/www.expressen.se\/tagg\/location\/ryssland\/\" class=\"\" rel=\"nofollow noopener\" target=\"_blank\">Ryssland<\/a> eller Ukraina, uppger EU-tj\u00e4nstem\u00e4n f\u00f6r Financial Times.<\/p>\n<p>L\u00f6sningen?<\/p>\n<p>Ett \u201dmilit\u00e4rt Schengen\u201d \u2013 d\u00e4r det max ska ta fem dagar.<\/p>\n<p>\u2013 Det handlar om avskr\u00e4ckning, men avskr\u00e4ckning fungerar bara om vi \u00e4r trov\u00e4rdiga, s\u00e4ger den tyska generalen Alexander Sollfrank till <a href=\"https:\/\/www.ft.com\/content\/0a07238e-3657-4d1b-8460-35cfc6f8cd66\" rel=\"nofollow noopener\" target=\"_blank\">FT<\/a>.<\/p>\n<p>\u201dDet fungerar inte\u201d<\/p>\n<p>Ett scenario som tidningen tar upp \u00e4r om ett amerikanskt \u00f6rlogsfartyg seglar i hamn i Portugal. En l\u00e4tt division p\u00e5 cirka 15 000 soldater och 7 500 fordon kan beh\u00f6va upp till 200 t\u00e5g med upp till 42 vagnar var \u2014 totalt 8 400 vagnar.<\/p>\n<p>Det f\u00f6rsta problemet \u00e4r att Portugal och Spanien anv\u00e4nder sig av en annan sp\u00e5rvidd, vilket g\u00f6r att t\u00e5gen m\u00e5ste bytas ut n\u00e4r man kommer till Frankrike.<\/p>\n<p>Sen kommer infrastrukturen i centrala Europa, som beskrivs som \u201den logistisk labyrint\u201d.\u00a0<\/p>\n<p>\u201dF\u00f6rra \u00e5ret kollapsade ett 100 meter l\u00e5ngt avsnitt av Carolabron i Dresden, vilket blev en symbol f\u00f6r det usla skick m\u00e5nga tyska v\u00e4gar befinner sig i\u201d, skriver FT.<\/p>\n<p>Ska kunna frakta 200 000 soldater<\/p>\n<p>N\u00e4r Frankrike efter Rysslands invasion 2022 skulle skicka stridsvagnar till Rum\u00e4nien kunde man inte transportera dem via landv\u00e4gen genom Tyskland.<\/p>\n<p>I st\u00e4llet fick stridsvagnarna skeppas via b\u00e5t.<\/p>\n<p>Exakta siffror kring Natos scenarier \u00e4r hemlighetsst\u00e4mplade, men enligt FT arbetar man f\u00f6r att 200 000 soldater, runt 1 500 stridsvagnar och \u00f6ver 2 500 andra bepansrade fordon ska kunna fraktas fr\u00e5n USA, Kanada och Storbritannien \u00f6ver det europeiska fastlandet.<\/p>\n<p>\u2013 Om ett krig formellt f\u00f6rklaras blir det problem, s\u00e4ger Jannik Hartmann, forskare vid Nato Defence College i Rom.<\/p>\n<p><strong>L\u00c4S MER: <\/strong><a href=\"https:\/\/www.expressen.se\/nyheter\/varlden\/putins-drag-for-att-starka-krigskassan\/\" class=\"\" rel=\"nofollow noopener\" target=\"_blank\">Putins drag f\u00f6r att st\u00e4rka krigskassan<\/a><strong>L\u00c4S MER: <\/strong><a href=\"https:\/\/www.expressen.se\/nyheter\/varlden\/tyske-befalhavaren-ryska-attack-mot-nato-mojlig-i-dag\/\" class=\"\" rel=\"nofollow noopener\" target=\"_blank\">Tyske bef\u00e4lhavaren: Rysk attack mot Nato m\u00f6jlig \u201di dag\u201d<\/a><strong>L\u00c4S MER: <\/strong><a href=\"https:\/\/www.expressen.se\/nyheter\/varlden\/uppgifter-lagprisjatten-hjalper-kinesiska-militaren\/\" class=\"\" rel=\"nofollow noopener\" target=\"_blank\">Uppgifter: L\u00e5gprisj\u00e4tten hj\u00e4lper kinesiska milit\u00e4ren<\/a>Nya vapnet mot Ryssland avsl\u00f6jas \u2022\u00a0Kan n\u00e5 3000 kilometer &#8211; se roboten.<\/p>\n","protected":false},"excerpt":{"rendered":"Publicerad 18 nov 2025 kl 20.49Uppdaterad kl 22.00 I dag tar det drygt 45 dagar f\u00f6r en arm\u00e9&hellip;\n","protected":false},"author":2,"featured_media":84618,"comment_status":"","ping_status":"","sticky":false,"template":"","format":"standard","meta":{"footnotes":""},"categories":[14],"tags":[50,22,23,26,27,17,21,24,25,286,274,28,29,15,16,1401,18,34,55,31,33,32,30,19,49,20,51,52,53,54],"class_list":{"0":"post-84617","1":"post","2":"type-post","3":"status-publish","4":"format-standard","5":"has-post-thumbnail","7":"category-varlden","8":"tag-arme-forsvar","9":"tag-breaking-news","10":"tag-breakingnews","11":"tag-featured-news","12":"tag-featurednews","13":"tag-headlines","14":"tag-huvudnyheter","15":"tag-latest-news","16":"tag-latestnews","17":"tag-location-europa","18":"tag-location-ryssland","19":"tag-main-news","20":"tag-mainnews","21":"tag-news","22":"tag-nyheter","23":"tag-organization-nato","24":"tag-rubriker","25":"tag-se","26":"tag-sections-varlden","27":"tag-svenska","28":"tag-sverige","29":"tag-sweden","30":"tag-swedish","31":"tag-top-stories","32":"tag-topic-militar","33":"tag-topstories","34":"tag-varlden","35":"tag-world","36":"tag-world-news","37":"tag-worldnews"},"share_on_mastodon":{"url":"https:\/\/pubeurope.com\/@se\/115575702488973366","error":""},"_links":{"self":[{"href":"https:\/\/www.europesays.com\/se\/wp-json\/wp\/v2\/posts\/84617","targetHints":{"allow":["GET"]}}],"collection":[{"href":"https:\/\/www.europesays.com\/se\/wp-json\/wp\/v2\/posts"}],"about":[{"href":"https:\/\/www.europesays.com\/se\/wp-json\/wp\/v2\/types\/post"}],"author":[{"embeddable":true,"href":"https:\/\/www.europesays.com\/se\/wp-json\/wp\/v2\/users\/2"}],"replies":[{"embeddable":true,"href":"https:\/\/www.europesays.com\/se\/wp-json\/wp\/v2\/comments?post=84617"}],"version-history":[{"count":0,"href":"https:\/\/www.europesays.com\/se\/wp-json\/wp\/v2\/posts\/84617\/revisions"}],"wp:featuredmedia":[{"embeddable":true,"href":"https:\/\/www.europesays.com\/se\/wp-json\/wp\/v2\/media\/84618"}],"wp:attachment":[{"href":"https:\/\/www.europesays.com\/se\/wp-json\/wp\/v2\/media?parent=84617"}],"wp:term":[{"taxonomy":"category","embeddable":true,"href":"https:\/\/www.europesays.com\/se\/wp-json\/wp\/v2\/categories?post=84617"},{"taxonomy":"post_tag","embeddable":true,"href":"https:\/\/www.europesays.com\/se\/wp-json\/wp\/v2\/tags?post=84617"}],"curies":[{"name":"wp","href":"https:\/\/api.w.org\/{rel}","templated":true}]}}