{"id":84619,"date":"2025-11-19T09:40:27","date_gmt":"2025-11-19T09:40:27","guid":{"rendered":"https:\/\/www.europesays.com\/se\/84619\/"},"modified":"2025-11-19T09:40:27","modified_gmt":"2025-11-19T09:40:27","slug":"skatteverket-forvarrar-jamtlandska-potthal-ostersunds-posten-2","status":"publish","type":"post","link":"https:\/\/www.europesays.com\/se\/84619\/","title":{"rendered":"Skatteverket f\u00f6rv\u00e4rrar j\u00e4mtl\u00e4ndska potth\u00e5l\u00a0 \u2013 \u00d6stersunds-Posten"},"content":{"rendered":"<p>Skaffa organisationsnummer sker till orimliga kostnader f\u00f6r l\u00e4net v\u00e4gf\u00f6reningar. <\/p>\n<p>Detta \u00e4r en opinionstext.Tidningens h\u00e5llning \u00e4r centerpartistisk.<\/p>\n<p><img loading=\"lazy\" decoding=\"async\" width=\"980\" height=\"551\" class=\"article-image article-image--featured\" alt=\"Enligt en debattartikel i Altinget (12\/11) beskriver f\u00f6retr\u00e4dare f\u00f6r Lantbrukarnas Riksf\u00f6rbund och Riksf\u00f6rbundet enskilda v\u00e4gar hur en lantm\u00e4terif\u00f6rr\u00e4ttning f\u00f6r en 1,6 kilometer l\u00e5ng v\u00e4g med 68 fastigheter kan kosta hela 500 000 kronor att f\u00f6rr\u00e4tta. Kostnader som v\u00e4gf\u00f6reningar tvingas till om man ska kunna f\u00e5 ett organisationsnummer av Skatteverket. \" src=\"https:\/\/www.europesays.com\/se\/wp-content\/uploads\/2025\/11\/1763545227_805_a1c2a544-8790-4718-a3f8-a72cf0f62032.jpeg\"  \/><a class=\"article__lightbox-link\" href=\"https:\/\/static.bonniernews.se\/ba\/a1c2a544-8790-4718-a3f8-a72cf0f62032.jpeg?crop=2362%2C1329%2Cx0%2Cy124&amp;width=1400&amp;format=pjpg&amp;auto=avif\" data-pswp-width=\"1400\" data-pswp-height=\"788\" data-pswp-caption=\"Enligt en debattartikel i Altinget (12\/11) beskriver f\u00f6retr\u00e4dare f\u00f6r Lantbrukarnas Riksf\u00f6rbund och Riksf\u00f6rbundet enskilda v\u00e4gar hur en lantm\u00e4terif\u00f6rr\u00e4ttning f\u00f6r en 1,6 kilometer l\u00e5ng v\u00e4g med 68 fastigheter kan kosta hela 500 000 kronor att f\u00f6rr\u00e4tta. Kostnader som v\u00e4gf\u00f6reningar tvingas till om man ska kunna f\u00e5 ett organisationsnummer av Skatteverket.  Bild: Stefan Nolervik\" data-pswp- rel=\"nofollow noopener\" target=\"_blank\">\u00d6ppna bild i helsk\u00e4rmsl\u00e4ge<\/a><\/p>\n<p class=\"txt-style-muted\" aria-hidden=\"true\">Enligt en debattartikel i Altinget (12\/11) beskriver f\u00f6retr\u00e4dare f\u00f6r Lantbrukarnas Riksf\u00f6rbund och Riksf\u00f6rbundet enskilda v\u00e4gar hur en lantm\u00e4terif\u00f6rr\u00e4ttning f\u00f6r en 1,6 kilometer l\u00e5ng v\u00e4g med 68 fastigheter kan kosta hela 500 000 kronor att f\u00f6rr\u00e4tta. Kostnader som v\u00e4gf\u00f6reningar tvingas till om man ska kunna f\u00e5 ett organisationsnummer av Skatteverket. <\/p>\n<p class=\"article__figcaption-attribution txt-style-muted\">Bild: Stefan Nolervik<\/p>\n<p>J\u00e4mtland och H\u00e4rjedalen har mycket av mycket: tallskog, sm\u00e5f\u00f6retag, OS-medalj\u00f6rer, till och med Idol-deltagare. P\u00e5 ett omr\u00e5de \u00e4r l\u00e4net otvetydigt mest och v\u00e4rst i landet: n\u00e4r man talar om andelen enskilda (grus)v\u00e4gar.\u00a0<\/p>\n<p>Enskilda v\u00e4gar utg\u00f6r h\u00e4lften av landets totala v\u00e4gl\u00e4ngd och brukar typiskt sett sk\u00f6tas av en sammanslutning. Denna sammanslutning kan heta v\u00e4gf\u00f6rening, v\u00e4gsamf\u00e4llighet, sockensamf\u00e4lligheter och skifteslag med mera \u2013 och formen f\u00f6r organiseringen f\u00e5r juridiska konsekvenser. Viktigast f\u00f6r de ber\u00f6rda \u00e4r f\u00f6rst\u00e5s inte vad som st\u00e5r i stadgar eller vad Skatteverket eller Lantm\u00e4teriet tycker. Viktigast \u00e4r att v\u00e4gen \u00e4r och f\u00f6rblir farbar.\u00a0<\/p>\n<p>D\u00e4rf\u00f6r \u00e4r det problematiskt hur Skatteverket sedan ett par \u00e5r tillbaka har slutat utf\u00e4rda organisationsnummer till ideella v\u00e4gf\u00f6reningar (n\u00e5got myndigheten gjort sedan 1970-talet), detta eftersom myndigheten tolkar lagen om f\u00f6rvaltning av samf\u00e4lligheter s\u00e5 att v\u00e4gf\u00f6reningarna i fr\u00e5ga inte \u00e4r fria att v\u00e4lja organisationsform.\u00a0<\/p>\n<p aria-disabled=\"true\" class=\"ad__preamble ad-text txt-style-muted txt-ui txt-ui--strong txt-ui-2\">Annons<\/p>\n<p aria-disabled=\"true\" class=\"ad__preamble ad-text txt-style-muted txt-ui txt-ui--strong txt-ui-2\">Annons<\/p>\n<blockquote class=\"article__blockquote\">\n<p class=\"article__blockquote-text txt-headline txt-headline-3\">N\u00e4r nu Skatteverket h\u00e4nvisar till lagen om f\u00f6rvaltning av samf\u00e4lligheter beh\u00f6ver f\u00f6reningen nu, till stora kostnader, anlita Lantm\u00e4teriet f\u00f6r att ordna en formell f\u00f6rr\u00e4ttning<\/p>\n<\/blockquote>\n<p>Enligt Riksf\u00f6rbundet enskilda v\u00e4gar utg\u00f6r 4500 av dess medlemmar ideella f\u00f6reningar, men eftersom f\u00f6reningar inte beh\u00f6ver registreras i n\u00e5got offentligt register f\u00f6r att existera rent juridiskt \u00e4r det om\u00f6jligt att veta hur m\u00e5nga ideella v\u00e4gf\u00f6reningar som finns runtom i landet.\u00a0<\/p>\n<p>N\u00e4r nu Skatteverket h\u00e4nvisar till lagen om f\u00f6rvaltning av samf\u00e4lligheter beh\u00f6ver f\u00f6reningen nu, till stora kostnader, anlita Lantm\u00e4teriet f\u00f6r att ordna en formell f\u00f6rr\u00e4ttning. Om detta inte sker kan f\u00f6reningen inte f\u00e5 n\u00e5got organisationsnummer \u2013 och utan organisationsnummer kan f\u00f6reningen inte \u00f6ppna bankkonto. De ideella v\u00e4gf\u00f6reningar som redan har bankkonton riskerar dessutom att f\u00e5 sitt bankkonto st\u00e4ngt, detta oavsett l\u00e4ngden p\u00e5 kundrelationen.\u00a0<\/p>\n<p>\u201dMen det \u00e4r v\u00e4l bara att f\u00f6lja myndighetens instruktioner,\u201d kanske v\u00e4n av ordning undrar. Problemet \u00e4r att det \u00e4r dyrt och on\u00f6digt. Enligt en debattartikel i Altinget (12\/11) beskriver f\u00f6retr\u00e4dare f\u00f6r Lantbrukarnas Riksf\u00f6rbund och Riksf\u00f6rbundet enskilda v\u00e4gar hur en s\u00e5dan lantm\u00e4terif\u00f6rr\u00e4ttning f\u00f6r en 1,6 kilometer l\u00e5ng v\u00e4g med 68 fastigheter kan kosta hela 500 000 kronor att f\u00f6rr\u00e4tta. En typisk tr\u00e5kig kostnad f\u00f6r de f\u00f6reningar d\u00e4r medlemmarna redan sk\u00f6ter sin v\u00e4g i samf\u00f6rst\u00e5nd. 500\u00a0000 kronor kan man laga r\u00e4tt m\u00e5nga potth\u00e5l p\u00e5 vid samma v\u00e4gstr\u00e4cka.\u00a0<\/p>\n<p aria-disabled=\"true\" class=\"ad__preamble ad-text txt-style-muted txt-ui txt-ui--strong txt-ui-2\">Annons<\/p>\n<p aria-disabled=\"true\" class=\"ad__preamble ad-text txt-style-muted txt-ui txt-ui--strong txt-ui-2\">Annons<\/p>\n<p>Tyv\u00e4rr \u00e4r Skatteverkets nya bed\u00f6mning bara ett i raden av exempel p\u00e5 svenska myndigheters ovana att l\u00e5ta det b\u00e4sta bli det godas fiende.\u00a0<\/p>\n<p>J\u00e4mtland och H\u00e4rjedalen pr\u00e4glas av l\u00e5nga enskilda v\u00e4gar med f\u00e5 del\u00e4gare i f\u00f6reningarna, vilket g\u00f6r att kostnaderna redan idag kan bli orimligt h\u00f6ga f\u00f6r de enskilda medlemmarna. Detta m\u00e4rks s\u00e4rskilt vid nya st\u00f6rre investeringar \u2013 och alla som bes\u00f6kt n\u00e5gon avkrok av l\u00e4net med bil under den senaste mans\u00e5ldern vet att investeringsbehovet \u00e4r stort.\u00a0<\/p>\n<p>Att Skatteverket skadeskjuter f\u00f6rvaltningen av v\u00e4gf\u00f6reningarna, som nu beh\u00f6ver \u00e4gna omfattande tid, spendera on\u00f6diga pengar och administrera s\u00f6nder sitt engagemang, m\u00e5 l\u00e5ta som en bisak eller en mindre fr\u00e5ga. Men redan idag inneb\u00e4r v\u00e4gn\u00e4tets underh\u00e5llsskuld i grundf\u00f6rst\u00e4rkning och bel\u00e4ggning problem f\u00f6r basn\u00e4ringarna, skog, turism och jordbruk. Och skulle kriget eller krisen komma och transporter av samh\u00e4llsviktiga varor och personal bli br\u00e4nnande, skulle nog de flesta vara ense om att h\u00e4lften av Sveriges totala v\u00e4gl\u00e4ngd \u00e4r r\u00e4tt mycket.\u00a0<\/p>\n","protected":false},"excerpt":{"rendered":"Skaffa organisationsnummer sker till orimliga kostnader f\u00f6r l\u00e4net v\u00e4gf\u00f6reningar. Detta \u00e4r en opinionstext.Tidningens h\u00e5llning \u00e4r centerpartistisk. \u00d6ppna bild&hellip;\n","protected":false},"author":2,"featured_media":83817,"comment_status":"","ping_status":"","sticky":false,"template":"","format":"standard","meta":{"footnotes":""},"categories":[12],"tags":[22,23,26,27,17,21,24,25,28,29,15,16,18,34,31,33,32,30,19,20],"class_list":{"0":"post-84619","1":"post","2":"type-post","3":"status-publish","4":"format-standard","5":"has-post-thumbnail","7":"category-sverige","8":"tag-breaking-news","9":"tag-breakingnews","10":"tag-featured-news","11":"tag-featurednews","12":"tag-headlines","13":"tag-huvudnyheter","14":"tag-latest-news","15":"tag-latestnews","16":"tag-main-news","17":"tag-mainnews","18":"tag-news","19":"tag-nyheter","20":"tag-rubriker","21":"tag-se","22":"tag-svenska","23":"tag-sverige","24":"tag-sweden","25":"tag-swedish","26":"tag-top-stories","27":"tag-topstories"},"share_on_mastodon":{"url":"https:\/\/pubeurope.com\/@se\/115575706609492759","error":""},"_links":{"self":[{"href":"https:\/\/www.europesays.com\/se\/wp-json\/wp\/v2\/posts\/84619","targetHints":{"allow":["GET"]}}],"collection":[{"href":"https:\/\/www.europesays.com\/se\/wp-json\/wp\/v2\/posts"}],"about":[{"href":"https:\/\/www.europesays.com\/se\/wp-json\/wp\/v2\/types\/post"}],"author":[{"embeddable":true,"href":"https:\/\/www.europesays.com\/se\/wp-json\/wp\/v2\/users\/2"}],"replies":[{"embeddable":true,"href":"https:\/\/www.europesays.com\/se\/wp-json\/wp\/v2\/comments?post=84619"}],"version-history":[{"count":0,"href":"https:\/\/www.europesays.com\/se\/wp-json\/wp\/v2\/posts\/84619\/revisions"}],"wp:featuredmedia":[{"embeddable":true,"href":"https:\/\/www.europesays.com\/se\/wp-json\/wp\/v2\/media\/83817"}],"wp:attachment":[{"href":"https:\/\/www.europesays.com\/se\/wp-json\/wp\/v2\/media?parent=84619"}],"wp:term":[{"taxonomy":"category","embeddable":true,"href":"https:\/\/www.europesays.com\/se\/wp-json\/wp\/v2\/categories?post=84619"},{"taxonomy":"post_tag","embeddable":true,"href":"https:\/\/www.europesays.com\/se\/wp-json\/wp\/v2\/tags?post=84619"}],"curies":[{"name":"wp","href":"https:\/\/api.w.org\/{rel}","templated":true}]}}